{"id":102529,"date":"2020-04-08T19:24:37","date_gmt":"2020-04-08T19:24:37","guid":{"rendered":"http:\/\/plazajuarez.mx\/index\/?p=102529"},"modified":"2020-04-08T19:32:42","modified_gmt":"2020-04-08T19:32:42","slug":"dan-positivos-a-coronavirus-8-trabajadores-de-fgr","status":"publish","type":"post","link":"https:\/\/plazajuarez.mx\/historico\/dan-positivos-a-coronavirus-8-trabajadores-de-fgr\/","title":{"rendered":"Dan positivos a coronavirus 8 trabajadores de FGR"},"content":{"rendered":"\n<p><strong>La Fiscal\u00eda General de la Rep\u00fablica (FGR) report\u00f3 un fallecimiento, ocho trabajadores de la instituci\u00f3n contagiados de Covid-19 y 33 en aislamiento<\/strong><\/p>\n\n\n\n<!--more-->\n\n\n\n<p>El lunes pasado un agente del Ministerio P\u00fablico Federal, adscrito a la delegaci\u00f3n de la FGR en el Estado de M\u00e9xico, muri\u00f3 a causa del nuevo coronavirus.<\/p>\n\n\n\n<p>Seg\u00fan autoridades de la Fiscal\u00eda General de la Rep\u00fablica, el estado de salud del ex servidor p\u00fablico, quien se desempe\u00f1\u00f3 como titular de la Delegaci\u00f3n de la FGR en Coahuila, se agrav\u00f3 debido a que presentaba problemas pulmonares ocasionados por tabaquismo.<\/p>\n\n\n\n<p>En los \u00faltimos d\u00edas otros seis servidores p\u00fablicos de la instituci\u00f3n dieron positivo al nuevo coronavirus, de acuerdo con autoridades.<\/p>\n\n\n\n<p>Tres casos se reportaron en la Fiscal\u00eda Especializada de Asuntos Internos; uno en el \u00e1rea de Recursos Humanos; uno en la delegaci\u00f3n de la FGR en Chihuahua, mientras que un Polic\u00eda Federal Ministerial tambi\u00e9n fue diagnosticado con el virus.<\/p>\n\n\n\n<p>Los seis casos se suman al del fiscal de la Unidad Especial en Investigaci\u00f3n del Delito de Tortura y al de la perito adscrita a la Coordinaci\u00f3n General de Servicios Periciales, quienes fueron diagnosticados con la enfermedad de Covid-19 el 30 y 31 de marzo, respectivamente.<\/p>\n\n\n\n<p>Adem\u00e1s, la FGR mencion\u00f3 que 33 servidores p\u00fablicos se encuentran en aislamiento y destac\u00f3 que el estado de salud de los mismos, tanto los confirmados como los que est\u00e1n en cuarentena, se reporta como estable.<\/p>\n\n\n\n<p>El pasado 30 de marzo se dio a conocer que un agente del Ministerio P\u00fablico adscrito a Texcoco, falleci\u00f3 como consecuencia de una neumon\u00eda at\u00edpica.<\/p>\n","protected":false},"excerpt":{"rendered":"<p>La Fiscal\u00eda General de la Rep\u00fablica (FGR) report\u00f3 un fallecimiento, ocho trabajadores de la instituci\u00f3n contagiados de Covid-19 y 33 en aislamiento<\/p>\n","protected":false},"author":80,"featured_media":0,"comment_status":"open","ping_status":"open","sticky":false,"template":"","format":"standard","meta":{"footnotes":""},"categories":[36],"tags":[],"class_list":["post-102529","post","type-post","status-publish","format-standard","hentry","category-nacion"],"_links":{"self":[{"href":"https:\/\/plazajuarez.mx\/historico\/wp-json\/wp\/v2\/posts\/102529","targetHints":{"allow":["GET"]}}],"collection":[{"href":"https:\/\/plazajuarez.mx\/historico\/wp-json\/wp\/v2\/posts"}],"about":[{"href":"https:\/\/plazajuarez.mx\/historico\/wp-json\/wp\/v2\/types\/post"}],"author":[{"embeddable":true,"href":"https:\/\/plazajuarez.mx\/historico\/wp-json\/wp\/v2\/users\/80"}],"replies":[{"embeddable":true,"href":"https:\/\/plazajuarez.mx\/historico\/wp-json\/wp\/v2\/comments?post=102529"}],"version-history":[{"count":0,"href":"https:\/\/plazajuarez.mx\/historico\/wp-json\/wp\/v2\/posts\/102529\/revisions"}],"wp:attachment":[{"href":"https:\/\/plazajuarez.mx\/historico\/wp-json\/wp\/v2\/media?parent=102529"}],"wp:term":[{"taxonomy":"category","embeddable":true,"href":"https:\/\/plazajuarez.mx\/historico\/wp-json\/wp\/v2\/categories?post=102529"},{"taxonomy":"post_tag","embeddable":true,"href":"https:\/\/plazajuarez.mx\/historico\/wp-json\/wp\/v2\/tags?post=102529"}],"curies":[{"name":"wp","href":"https:\/\/api.w.org\/{rel}","templated":true}]}}