{"id":102506,"date":"2020-04-08T18:21:12","date_gmt":"2020-04-08T18:21:12","guid":{"rendered":"http:\/\/plazajuarez.mx\/index\/?p=102506"},"modified":"2020-04-16T16:51:22","modified_gmt":"2020-04-16T16:51:22","slug":"retira-uaeh-de-clinicas-a-alumnos-de-internado","status":"publish","type":"post","link":"https:\/\/plazajuarez.mx\/historico\/retira-uaeh-de-clinicas-a-alumnos-de-internado\/","title":{"rendered":"Retira UAEH de cl\u00ednicas a alumnos de internado"},"content":{"rendered":"\n<p><strong>En diversas sedes del pa\u00eds y de la entidad, desde el 8 y hasta el 30 de abril<\/strong><\/p>\n\n\n\n<!--more-->\n\n\n\n<p>La Universidad Aut\u00f3noma del Estado de Hidalgo (UAEH), dio a conocer que con el objetivo de salvaguardad la salud de sus estudiantes, suspenden de manera temporal la rotaci\u00f3n cl\u00ednica de las y los alumnos internos de pregrado y personal becario que se encuentren en instituciones de salud en el pa\u00eds y en la entidad hidalguense.<\/p>\n\n\n\n<p>La instituci\u00f3n educativa se\u00f1al\u00f3 que lo anterior se llevar\u00e1 a cabo desde el 8 hasta el pr\u00f3ximo 30 de abril. En este periodo, inform\u00f3, valorar\u00e1n las condiciones sanitarias para que puedan reincorporarse a sus labores dentro de las cl\u00ednicas de salud.<\/p>\n\n\n\n<p>En este sentido, el rector de la casa de estudios, Adolfo Pontigo Loyola junto con la Comisi\u00f3n Institucional de Seguridad en Salud del a UAEH, indicaron que, \u201cno existen condiciones \u00f3ptimas para la formaci\u00f3n de nuestros estudiantes, ya que lejos de abonar al control de la epidemia podemos convertirlos en vectores para la diseminaci\u00f3n de la misma\u201d.<\/p>\n\n\n\n<p>Asimismo, dicho \u00f3rgano asever\u00f3, \u201cesta acci\u00f3n permitir\u00e1 que el personal experto se dedique a las tareas asistenciales, sin distraerlos de sus tareas formativas y sobre todo optimizar los recursos de protecci\u00f3n\u201d.<\/p>\n\n\n\n<p>Al respecto de las y los estudiantes de ciencias de la salud que realizan su servicio social, la Comisi\u00f3n afirm\u00f3 que valorar\u00e1n la permanencia de los mismos, siempre y cuando existan condiciones \u00f3ptimas para su desempe\u00f1o, en materias de bioseguridad en atenci\u00f3n el Covid-19, infraestructura y recursos materiales, as\u00ed como que se les otorguen equipos de protecci\u00f3n en concordancia con el \u00e1rea que atienden.<\/p>\n\n\n\n<p>En tanto, para quienes sean residentes de especialidades m\u00e9dicas, deber\u00e1n contar tambi\u00e9n con las medidas y protocolos de bioseguridad, aunado a equipos de protecci\u00f3n personal seg\u00fan su \u00e1rea. Del mismo modo, las y los m\u00e9dicos que se encuentren realizando el primer a\u00f1o de su residencia, no deben estar en \u00e1reas como triage, urgencias y \u00e1reas cr\u00edticas de atenci\u00f3n a infectados por el Covid-19.<\/p>\n\n\n\n<p>\u201cLas y los m\u00e9dicos residentes que presenten las condiciones de embarazo o periodo de lactancia, presencia de enfermedades cr\u00f3nicas no transmisibles o alg\u00fan padecimiento o tratamiento farmacol\u00f3gico que genere supresi\u00f3n del sistema inmunol\u00f3gico, ser\u00e1n retirados\u201d, reiter\u00f3 la UAEH.<\/p>\n\n\n\n<p>Por otra parte, la universidad destac\u00f3 que durante este periodo, los m\u00e9dicos internos recibir\u00e1n capacitaci\u00f3n a trav\u00e9s de metodolog\u00edas no presenciales acerca del Covid-19 y con el objetivo de continuar con su capacitaci\u00f3n profesional.<\/p>\n\n\n\n<p>La semana pasada, internos del Hospital General de Pachuca, denunciaron las pocas condiciones sanitarias con las que cuentan mientras realizan su labor dentro del nosocomio, que deriv\u00f3 en que uno de los m\u00e9dicos pasantes, presentara s\u00edntomas del Covid-19, raz\u00f3n por la cual lo enviaron a su casa para aislarlo.<\/p>\n","protected":false},"excerpt":{"rendered":"<p>En diversas sedes del pa\u00eds y de la entidad, desde el 8 y hasta el 30 de abril<\/p>\n","protected":false},"author":93,"featured_media":0,"comment_status":"open","ping_status":"open","sticky":false,"template":"","format":"standard","meta":{"footnotes":""},"categories":[59],"tags":[],"class_list":["post-102506","post","type-post","status-publish","format-standard","hentry","category-general"],"_links":{"self":[{"href":"https:\/\/plazajuarez.mx\/historico\/wp-json\/wp\/v2\/posts\/102506","targetHints":{"allow":["GET"]}}],"collection":[{"href":"https:\/\/plazajuarez.mx\/historico\/wp-json\/wp\/v2\/posts"}],"about":[{"href":"https:\/\/plazajuarez.mx\/historico\/wp-json\/wp\/v2\/types\/post"}],"author":[{"embeddable":true,"href":"https:\/\/plazajuarez.mx\/historico\/wp-json\/wp\/v2\/users\/93"}],"replies":[{"embeddable":true,"href":"https:\/\/plazajuarez.mx\/historico\/wp-json\/wp\/v2\/comments?post=102506"}],"version-history":[{"count":0,"href":"https:\/\/plazajuarez.mx\/historico\/wp-json\/wp\/v2\/posts\/102506\/revisions"}],"wp:attachment":[{"href":"https:\/\/plazajuarez.mx\/historico\/wp-json\/wp\/v2\/media?parent=102506"}],"wp:term":[{"taxonomy":"category","embeddable":true,"href":"https:\/\/plazajuarez.mx\/historico\/wp-json\/wp\/v2\/categories?post=102506"},{"taxonomy":"post_tag","embeddable":true,"href":"https:\/\/plazajuarez.mx\/historico\/wp-json\/wp\/v2\/tags?post=102506"}],"curies":[{"name":"wp","href":"https:\/\/api.w.org\/{rel}","templated":true}]}}