{"id":102503,"date":"2020-04-08T18:11:46","date_gmt":"2020-04-08T18:11:46","guid":{"rendered":"http:\/\/plazajuarez.mx\/index\/?p=102503"},"modified":"2020-04-16T16:51:14","modified_gmt":"2020-04-16T16:51:14","slug":"bernie-sanders-se-retira-de-la-campana-para-la-candidatura-democrata","status":"publish","type":"post","link":"https:\/\/plazajuarez.mx\/historico\/bernie-sanders-se-retira-de-la-campana-para-la-candidatura-democrata\/","title":{"rendered":"Bernie Sanders se retira de la campa\u00f1a para la candidatura dem\u00f3crata"},"content":{"rendered":"\n<p><strong>&#8220;Termina la campa\u00f1a, pero la lucha contin\u00faa&#8221;, afirm\u00f3 un comunicado del equipo de campa\u00f1a de Sanders<\/strong><\/p>\n\n\n\n<!--more-->\n\n\n\n<p>El senador Bernie Sanders, representante del la izquierdista de los dem\u00f3cratas, anunci\u00f3 este mi\u00e9rcoles su retirada de la contienda por la nominaci\u00f3n del partido a las elecciones presidenciales de noviembre, lo que deja como \u00fanico aspirante progresista al exvicepresidente Joseph Biden.<\/p>\n\n\n\n<p>&#8220;Termina la campa\u00f1a, pero la lucha contin\u00faa&#8221;, afirm\u00f3 un comunicado del equipo de campa\u00f1a de Sanders.<\/p>\n\n\n\n<p>El veterano senador, de 78 a\u00f1os, arranc\u00f3 las primarias como favorito, pero fue perdiendo impulso a medida que la contienda electoral, que comenz\u00f3 con una veintena de aspirantes, se fue reduciendo.<\/p>\n\n\n\n<p>Sanders, quien se define como un socialista dem\u00f3crata, bas\u00f3 su campa\u00f1a en una ambiciosa agenda para instaurar un sistema de salud p\u00fablico y gratuito en EE.UU.<\/p>\n\n\n\n<p>&#8220;La campa\u00f1a, no solo va a ganar las primarias, no solo va a ganar a (el presidente) Donald Trump, que es la persona m\u00e1s peligrosa en la historia moderna de Estados Unidos. Con la ayuda de ustedes, vamos a transformar el pa\u00eds y crear una econom\u00eda y un Gobierno para todos, no solo para el 1 por ciento&#8221;, dijo al lanzar su campa\u00f1a en marzo de 2019.<\/p>\n\n\n\n<p>El moderado Biden, que fue vicepresidente de Barack Obama (2009-2017), lideraba por el momento la contienda dem\u00f3crata con 1.217 delegados por delante del que hasta ahora ha sido su rival, Sanders, que contaba con 917, todav\u00eda lejos de los 1.991 compromisarios que se necesitan para obtener la nominaci\u00f3n.<\/p>\n\n\n\n<p>Como consecuencia, y si no hay sorpresas de \u00faltima hora, las elecciones presidenciales del pr\u00f3ximo 3 de noviembre en EE.UU. se decidir\u00e1n entre Biden y el actual presidente, el republicano Donald Trump, quien ya ha anunciado su intenci\u00f3n de buscar la reelecci\u00f3n.<\/p>\n\n\n\n<p>Sanders ya intent\u00f3 lograr la candidatura dem\u00f3crata en 2016, pero fue derrotado en las primarias del partido por la exsecretaria de Estado Hillary Clinton, quien fue finalmente derrotada por Trump en las generales.<\/p>\n","protected":false},"excerpt":{"rendered":"<p>&#8220;Termina la campa\u00f1a, pero la lucha contin\u00faa&#8221;, afirm\u00f3 un comunicado del equipo de campa\u00f1a de Sanders<\/p>\n","protected":false},"author":80,"featured_media":0,"comment_status":"open","ping_status":"open","sticky":false,"template":"","format":"standard","meta":{"footnotes":""},"categories":[31],"tags":[],"class_list":["post-102503","post","type-post","status-publish","format-standard","hentry","category-orbe"],"_links":{"self":[{"href":"https:\/\/plazajuarez.mx\/historico\/wp-json\/wp\/v2\/posts\/102503","targetHints":{"allow":["GET"]}}],"collection":[{"href":"https:\/\/plazajuarez.mx\/historico\/wp-json\/wp\/v2\/posts"}],"about":[{"href":"https:\/\/plazajuarez.mx\/historico\/wp-json\/wp\/v2\/types\/post"}],"author":[{"embeddable":true,"href":"https:\/\/plazajuarez.mx\/historico\/wp-json\/wp\/v2\/users\/80"}],"replies":[{"embeddable":true,"href":"https:\/\/plazajuarez.mx\/historico\/wp-json\/wp\/v2\/comments?post=102503"}],"version-history":[{"count":0,"href":"https:\/\/plazajuarez.mx\/historico\/wp-json\/wp\/v2\/posts\/102503\/revisions"}],"wp:attachment":[{"href":"https:\/\/plazajuarez.mx\/historico\/wp-json\/wp\/v2\/media?parent=102503"}],"wp:term":[{"taxonomy":"category","embeddable":true,"href":"https:\/\/plazajuarez.mx\/historico\/wp-json\/wp\/v2\/categories?post=102503"},{"taxonomy":"post_tag","embeddable":true,"href":"https:\/\/plazajuarez.mx\/historico\/wp-json\/wp\/v2\/tags?post=102503"}],"curies":[{"name":"wp","href":"https:\/\/api.w.org\/{rel}","templated":true}]}}