{"id":102276,"date":"2020-04-06T14:17:30","date_gmt":"2020-04-06T14:17:30","guid":{"rendered":"http:\/\/plazajuarez.mx\/index\/index.php\/2020\/04\/06\/un-domingo-de-ramos-diferente\/"},"modified":"2020-04-06T14:17:30","modified_gmt":"2020-04-06T14:17:30","slug":"un-domingo-de-ramos-diferente","status":"publish","type":"post","link":"https:\/\/plazajuarez.mx\/historico\/un-domingo-de-ramos-diferente\/","title":{"rendered":"Un Domingo de Ramos \u201cdiferente\u201d"},"content":{"rendered":"<p>TULA DE ALLENDE <\/p>\n<p>* Celebraciones de Semana Santa que en esta ocasi\u00f3n debido a las circunstancias por pandemia se llevar\u00e1n a cabo sin la presencia f\u00edsica del pueblo<\/p>\n<p>  <!--more-->  <\/p>\n<p>\u201cEste Domingo de Ramos es el m\u00e1s especial y diferente, como consecuencia de esta pandemia, ahora no podemos tener llenos los templos de feligreses, pero deseamos que a la distancia est\u00e9n adorando a Jes\u00fas en estos tiempos dif\u00edciles que vive el mundo por la pandemia del Covid-19\u201d, expres\u00f3 el obispo de la Di\u00f3cesis de Tula, Juan Pedro Ju\u00e1rez Mel\u00e9ndez, al encabezar la homil\u00eda al mediod\u00eda en la capilla del Sagrario de la Catedral de San Jos\u00e9.<br \/>Al inicio de la misa se record\u00f3 que con el Domingo de Ramos iniciaron las celebraciones de Semana Santa que en esta ocasi\u00f3n debido a las circunstancias por pandemia se llevar\u00e1n a cabo sin la presencia f\u00edsica del pueblo, ya que lo tendr\u00e1n que hacer de manera virtual a trav\u00e9s de las transmisiones en redes sociales.<br \/>Juan Pedro Ju\u00e1rez Mel\u00e9ndez se\u00f1al\u00f3 que con preocupaci\u00f3n por la pandemia pero con la esperanza de que todo mejore, salud\u00f3 al pueblo de manera virtual en el comienzo de la Semana Santa y que espera que las transmisiones est\u00e9n llegando a los hogares y que con gran fe, est\u00e9n participando.<br \/>\u201cHoy celebramos un Domingo de Ramos especial, diferente, tal vez el m\u00e1s diferente que hemos vivido, solemos reunirnos much\u00edsima gente en los templos en esta fecha, sin embargo vivir el Domingo de Ramos en cuarentena, ojal\u00e1 nos ayude a aproximarnos con mayor humildad en esta Semana Santa\u201d.<br \/>\u201cPodremos celebrar desde la quietud, desde la interioridad de nuestro coraz\u00f3n y desde nuestro hogar en el camino con Jes\u00fas, por lo que invit\u00f3 a todos en este Domingo de Ramos a revivir el evangelio y mirando a Jes\u00fas caminar con \u00e9l hacia Jerusal\u00e9n\u201d.<br \/>Por lo que exhort\u00f3 a los feligreses a aproximarse a ser solidarios con los ancianos, las ni\u00f1as y ni\u00f1os, los enfermos y los que viven en soledad, para acompa\u00f1ar y hacer m\u00e1s ligero su camino en esta vida y transitar en el resto de este a\u00f1o de tanta dificultad. <br \/>Manifest\u00f3 que cuando podamos salir todos debemos construir el M\u00e9xico que anhelamos, desde hace muchos a\u00f1os: m\u00e1s fraterno, sin violencia, sin corrupci\u00f3n, solidario y en paz.<br \/>En esta ocasi\u00f3n a la distancia bendijo los ramos, palmas o cualquier signo de fe que los feligreses pudieran tener en casa.<\/p>\n","protected":false},"excerpt":{"rendered":"<p>TULA DE ALLENDE * Celebraciones de Semana Santa que en esta ocasi\u00f3n debido a las circunstancias por pandemia se llevar\u00e1n a cabo sin la presencia f\u00edsica del pueblo<\/p>\n","protected":false},"author":93,"featured_media":0,"comment_status":"open","ping_status":"open","sticky":false,"template":"","format":"standard","meta":{"footnotes":""},"categories":[40],"tags":[],"class_list":["post-102276","post","type-post","status-publish","format-standard","hentry","category-region"],"_links":{"self":[{"href":"https:\/\/plazajuarez.mx\/historico\/wp-json\/wp\/v2\/posts\/102276","targetHints":{"allow":["GET"]}}],"collection":[{"href":"https:\/\/plazajuarez.mx\/historico\/wp-json\/wp\/v2\/posts"}],"about":[{"href":"https:\/\/plazajuarez.mx\/historico\/wp-json\/wp\/v2\/types\/post"}],"author":[{"embeddable":true,"href":"https:\/\/plazajuarez.mx\/historico\/wp-json\/wp\/v2\/users\/93"}],"replies":[{"embeddable":true,"href":"https:\/\/plazajuarez.mx\/historico\/wp-json\/wp\/v2\/comments?post=102276"}],"version-history":[{"count":0,"href":"https:\/\/plazajuarez.mx\/historico\/wp-json\/wp\/v2\/posts\/102276\/revisions"}],"wp:attachment":[{"href":"https:\/\/plazajuarez.mx\/historico\/wp-json\/wp\/v2\/media?parent=102276"}],"wp:term":[{"taxonomy":"category","embeddable":true,"href":"https:\/\/plazajuarez.mx\/historico\/wp-json\/wp\/v2\/categories?post=102276"},{"taxonomy":"post_tag","embeddable":true,"href":"https:\/\/plazajuarez.mx\/historico\/wp-json\/wp\/v2\/tags?post=102276"}],"curies":[{"name":"wp","href":"https:\/\/api.w.org\/{rel}","templated":true}]}}