{"id":102275,"date":"2020-04-06T14:17:29","date_gmt":"2020-04-06T14:17:29","guid":{"rendered":"http:\/\/plazajuarez.mx\/index\/index.php\/2020\/04\/06\/hay-casos-sospechosos-de-coronavirus-en-tula-ninguno-confirmado\/"},"modified":"2020-04-06T14:17:29","modified_gmt":"2020-04-06T14:17:29","slug":"hay-casos-sospechosos-de-coronavirus-en-tula-ninguno-confirmado","status":"publish","type":"post","link":"https:\/\/plazajuarez.mx\/historico\/hay-casos-sospechosos-de-coronavirus-en-tula-ninguno-confirmado\/","title":{"rendered":"Hay casos sospechosos de coronavirus en Tula: ninguno confirmado"},"content":{"rendered":"<p>Rosa Mar\u00eda Parra \u00c1ngeles, subdirectora de la Jurisdicci\u00f3n Sanitaria III Tula, se\u00f1al\u00f3 que en la regi\u00f3n Tula se han tenido casos sospechosos de Covid-19, pero que ninguno hasta el momento hab\u00eda sido confirmado, pues el \u00fanico autorizado para dar a conocer la numeraria es el gobernador Omar Fayad Meneses.<\/p>\n<p>  <!--more-->  <\/p>\n<p>Record\u00f3 que la Jurisdicci\u00f3n Sanitaria III la comprenden cuatro municipios, Tezontepec de Aldama, Tepetitl\u00e1n, Tlahuelilpan y Tula de Allende, y que para monitorear la situaci\u00f3n lo hacen a trav\u00e9s de los Centros de Salud en lo que se refiere a la atenci\u00f3n de enfermedades respiratorias agudas y es como lo comparan el comportamiento con semanas anteriores y es como saben si hay menos o m\u00e1s y que esa es la vigilancia epidemiol\u00f3gica que llevan.<\/p>\n<p>Los casos sospechosos de Covid-19 los identifican a trav\u00e9s de una definici\u00f3n operacional que se marca a nivel federal y que en ese caso entre en el rango de sospechosos.<\/p>\n<p>Adem\u00e1s, preguntan al paciente si en los siete d\u00edas anteriores ha presentado tos o fiebre, dolor de cabeza y adem\u00e1s tenga\u00a0 dolor muscular, dolor de garganta, dolor de articulaciones, dolor al pasar los alimentos, conjuntivitis y en los peque\u00f1os dolor estomacal y que si cubre con esos criterios lo identifican como sospechoso y si adem\u00e1s aumenta la insuficiencia respiratoria. De ser as\u00ed, proceden a darle su tratamiento sintom\u00e1tico y las medidas de aislamiento.<\/p>\n<p>La doctora se\u00f1al\u00f3 que en la regi\u00f3n Tula se han tenido casos sospechosos, pero que ninguno hasta el momento hab\u00eda sido confirmado, el \u00fanico que da a conocer la numeraria es el gobernador Omar Fayad Meneses.<\/p>\n<p>En lo que se refiere a las herramientas de trabajo con las que cuenta el personal m\u00e9dico para desempe\u00f1ar su trabajo y no contagiarse del Covid-19, por lo que inform\u00f3 que en cada Centro de Salud cuentan con dos equipos de bioseguridad que constan de cubrepelo, careta o gafas, cubreboca, bata, dos pares de guantes para el m\u00e9dico que est\u00e1 en atenci\u00f3n directa con cualquier infecci\u00f3n respiratoria, y que constantemente est\u00e1n a basteciendo de material.<\/p>\n<p>Coment\u00f3 que en la Jurisdicci\u00f3n Sanitaria III Tula, los 37 Centros de Salud cuentan con el equipo y que en las cuatro cabeceras municipales tienen un m\u00e9dico y una enfermera que los dos tienen sus equipo de bioseguridad y que lo portan toda la jornada laboral aun y cuando no identifiquen ning\u00fan sospechoso.<\/p>\n<p>Monitorean, por el contrario, que se cumplan todas las medidas sanitarias para preservar su salud y la de su familia y a la gente que puedo haber viajado al extranjero les pidi\u00f3 que se mantengan aislados durante los siguientes 14 d\u00edas tengan o no tengan s\u00edntomas, ya que eso les dar\u00e1 mayor tranquilidad.<\/p>\n","protected":false},"excerpt":{"rendered":"<p>Rosa Mar\u00eda Parra \u00c1ngeles, subdirectora de la Jurisdicci\u00f3n Sanitaria III Tula, se\u00f1al\u00f3 que en la regi\u00f3n Tula se han tenido casos sospechosos de Covid-19, pero que ninguno hasta el momento hab\u00eda sido confirmado, pues el \u00fanico autorizado para dar a conocer la numeraria es el gobernador Omar Fayad Meneses.<\/p>\n","protected":false},"author":93,"featured_media":0,"comment_status":"open","ping_status":"open","sticky":false,"template":"","format":"standard","meta":{"footnotes":""},"categories":[40],"tags":[],"class_list":["post-102275","post","type-post","status-publish","format-standard","hentry","category-region"],"_links":{"self":[{"href":"https:\/\/plazajuarez.mx\/historico\/wp-json\/wp\/v2\/posts\/102275","targetHints":{"allow":["GET"]}}],"collection":[{"href":"https:\/\/plazajuarez.mx\/historico\/wp-json\/wp\/v2\/posts"}],"about":[{"href":"https:\/\/plazajuarez.mx\/historico\/wp-json\/wp\/v2\/types\/post"}],"author":[{"embeddable":true,"href":"https:\/\/plazajuarez.mx\/historico\/wp-json\/wp\/v2\/users\/93"}],"replies":[{"embeddable":true,"href":"https:\/\/plazajuarez.mx\/historico\/wp-json\/wp\/v2\/comments?post=102275"}],"version-history":[{"count":0,"href":"https:\/\/plazajuarez.mx\/historico\/wp-json\/wp\/v2\/posts\/102275\/revisions"}],"wp:attachment":[{"href":"https:\/\/plazajuarez.mx\/historico\/wp-json\/wp\/v2\/media?parent=102275"}],"wp:term":[{"taxonomy":"category","embeddable":true,"href":"https:\/\/plazajuarez.mx\/historico\/wp-json\/wp\/v2\/categories?post=102275"},{"taxonomy":"post_tag","embeddable":true,"href":"https:\/\/plazajuarez.mx\/historico\/wp-json\/wp\/v2\/tags?post=102275"}],"curies":[{"name":"wp","href":"https:\/\/api.w.org\/{rel}","templated":true}]}}