{"id":102274,"date":"2020-04-06T14:17:28","date_gmt":"2020-04-06T14:17:28","guid":{"rendered":"http:\/\/plazajuarez.mx\/index\/index.php\/2020\/04\/06\/hasta-ayer-sumaban-34-casos-positivos-de-covid-19-en-la-entidad\/"},"modified":"2020-04-06T14:17:28","modified_gmt":"2020-04-06T14:17:28","slug":"hasta-ayer-sumaban-34-casos-positivos-de-covid-19-en-la-entidad","status":"publish","type":"post","link":"https:\/\/plazajuarez.mx\/historico\/hasta-ayer-sumaban-34-casos-positivos-de-covid-19-en-la-entidad\/","title":{"rendered":"Hasta ayer, sumaban 34 casos positivos de Covid-19 en la entidad"},"content":{"rendered":"<p>El Gobernador de Hidalgo, Omar Fayad Meneses, inform\u00f3 a trav\u00e9s de sus redes sociales que hasta la tarde de ayer se contabilizaban 34 casos positivos de Covid-19, esto de acuerdo al reporte del Instituto de Diagn\u00f3stico y Referencia Epidemiol\u00f3gicos (InDRE); de igual modo, precis\u00f3 que hay 73 casos sospechosos y la cifra de defunciones se mantiene en cinco.<\/p>\n<p>  <!--more-->  <\/p>\n<p>Por ello, reiter\u00f3 el llamado a la ciudadan\u00eda para que los que puedan hacerlo, se mantengan dentro de sus hogares para facilitar el trabajo de las autoridades sanitarias, y de ese modo evitar la propagaci\u00f3n de la pandemia dentro del territorio hidalguense.<br \/>Asimismo, el mandatario estatal puso a disposici\u00f3n de la poblaci\u00f3n el n\u00famero 800 500 CONTIGO (2668446) para obtener m\u00e1s informaci\u00f3n acerca de las medidas y acciones que puso en marcha ante el Covid-19, pues con ellas buscar\u00e1 apoyar la econom\u00eda familiar y evitar la subida injustificada de precios en los productos de primera necesidad.<\/p>\n","protected":false},"excerpt":{"rendered":"<p>El Gobernador de Hidalgo, Omar Fayad Meneses, inform\u00f3 a trav\u00e9s de sus redes sociales que hasta la tarde de ayer se contabilizaban 34 casos positivos de Covid-19, esto de acuerdo al reporte del Instituto de Diagn\u00f3stico y Referencia Epidemiol\u00f3gicos (InDRE); de igual modo, precis\u00f3 que hay 73 casos sospechosos y la cifra de defunciones se [&hellip;]<\/p>\n","protected":false},"author":93,"featured_media":0,"comment_status":"open","ping_status":"open","sticky":false,"template":"","format":"standard","meta":{"footnotes":""},"categories":[59],"tags":[],"class_list":["post-102274","post","type-post","status-publish","format-standard","hentry","category-general"],"_links":{"self":[{"href":"https:\/\/plazajuarez.mx\/historico\/wp-json\/wp\/v2\/posts\/102274","targetHints":{"allow":["GET"]}}],"collection":[{"href":"https:\/\/plazajuarez.mx\/historico\/wp-json\/wp\/v2\/posts"}],"about":[{"href":"https:\/\/plazajuarez.mx\/historico\/wp-json\/wp\/v2\/types\/post"}],"author":[{"embeddable":true,"href":"https:\/\/plazajuarez.mx\/historico\/wp-json\/wp\/v2\/users\/93"}],"replies":[{"embeddable":true,"href":"https:\/\/plazajuarez.mx\/historico\/wp-json\/wp\/v2\/comments?post=102274"}],"version-history":[{"count":0,"href":"https:\/\/plazajuarez.mx\/historico\/wp-json\/wp\/v2\/posts\/102274\/revisions"}],"wp:attachment":[{"href":"https:\/\/plazajuarez.mx\/historico\/wp-json\/wp\/v2\/media?parent=102274"}],"wp:term":[{"taxonomy":"category","embeddable":true,"href":"https:\/\/plazajuarez.mx\/historico\/wp-json\/wp\/v2\/categories?post=102274"},{"taxonomy":"post_tag","embeddable":true,"href":"https:\/\/plazajuarez.mx\/historico\/wp-json\/wp\/v2\/tags?post=102274"}],"curies":[{"name":"wp","href":"https:\/\/api.w.org\/{rel}","templated":true}]}}