{"id":102273,"date":"2020-04-06T14:17:24","date_gmt":"2020-04-06T14:17:24","guid":{"rendered":"http:\/\/plazajuarez.mx\/index\/index.php\/2020\/04\/06\/sana-distancia-estrategia-clave\/"},"modified":"2020-04-06T14:17:24","modified_gmt":"2020-04-06T14:17:24","slug":"sana-distancia-estrategia-clave","status":"publish","type":"post","link":"https:\/\/plazajuarez.mx\/historico\/sana-distancia-estrategia-clave\/","title":{"rendered":"\u201cSana distancia\u201d, estrategia clave"},"content":{"rendered":"<p>EN PACIENTES CON C\u00c1NCER<br \/>\u00a0\u00a0 \u00a0\u2022\u00a0\u00a0 \u00a0El IMSS reitera el llamado: \u201csi no hay necesidad qu\u00e9date en casa\u201d\u2028<\/p>\n<p>  <!--more-->  <\/p>\n<p>Especialistas del Instituto Mexicano del Seguro Social (IMSS) aseguran que la estrategia \u201cSana distancia\u201d, adem\u00e1s de ser una medida de prevenci\u00f3n dirigida a toda la poblaci\u00f3n para evitar el contagio de Covid-19, es un factor clave para los pacientes con c\u00e1ncer.<br \/>\u201cB\u00e1sicamente en este momento, en la sana distancia, es importante considerar que los pacientes con c\u00e1ncer, la mayor\u00eda tiene m\u00e1s de 65 a\u00f1os de edad, m\u00e1s que el c\u00e1ncer en s\u00ed mismo, es la edad el factor m\u00e1s importante y otras comorbilidades como lo son la diabetes y la hipertensi\u00f3n\u201d, dijeron.<br \/>Detallaron que hay dos tipos de pacientes que se deben considerar: el que ya termin\u00f3 su tratamiento y est\u00e1 en vigilancia, que es un paciente que debe tener los cuidados de la poblaci\u00f3n general; y el paciente que est\u00e1 recibiendo tratamiento en el que la inmunidad puede estar afectada.<br \/>Por ello, subrayaron que los cuidados fundamentales son mantener la sana distancia, evitar lugares concurridos, fortalecer la higiene de manos, evitar tocarse la cara y estar atentos a s\u00edntomas de infecciones respiratorias.<br \/>Adem\u00e1s, los especialistas del IMSS indicaron que si un paciente oncol\u00f3gico que concluy\u00f3 su tratamiento presenta s\u00edntomas de Covid-19, deber\u00e1 de seguir el protocolo de atenci\u00f3n para un paciente con enfermedad respiratoria, esto es: el triaje respiratorio, ya que no existe ninguna contraindicaci\u00f3n, toda vez que este paciente est\u00e1 en vigilancia y controlado.<br \/>Precisaron que para el paciente que est\u00e1 en tratamiento, se deber\u00e1 considerar la inmunosupresi\u00f3n que podr\u00eda tener, pero el protocolo de atenci\u00f3n ser\u00eda el mismo.<\/p>\n","protected":false},"excerpt":{"rendered":"<p>EN PACIENTES CON C\u00c1NCER\u00a0\u00a0 \u00a0\u2022\u00a0\u00a0 \u00a0El IMSS reitera el llamado: \u201csi no hay necesidad qu\u00e9date en casa\u201d\u2028<\/p>\n","protected":false},"author":93,"featured_media":0,"comment_status":"open","ping_status":"open","sticky":false,"template":"","format":"standard","meta":{"footnotes":""},"categories":[59],"tags":[],"class_list":["post-102273","post","type-post","status-publish","format-standard","hentry","category-general"],"_links":{"self":[{"href":"https:\/\/plazajuarez.mx\/historico\/wp-json\/wp\/v2\/posts\/102273","targetHints":{"allow":["GET"]}}],"collection":[{"href":"https:\/\/plazajuarez.mx\/historico\/wp-json\/wp\/v2\/posts"}],"about":[{"href":"https:\/\/plazajuarez.mx\/historico\/wp-json\/wp\/v2\/types\/post"}],"author":[{"embeddable":true,"href":"https:\/\/plazajuarez.mx\/historico\/wp-json\/wp\/v2\/users\/93"}],"replies":[{"embeddable":true,"href":"https:\/\/plazajuarez.mx\/historico\/wp-json\/wp\/v2\/comments?post=102273"}],"version-history":[{"count":0,"href":"https:\/\/plazajuarez.mx\/historico\/wp-json\/wp\/v2\/posts\/102273\/revisions"}],"wp:attachment":[{"href":"https:\/\/plazajuarez.mx\/historico\/wp-json\/wp\/v2\/media?parent=102273"}],"wp:term":[{"taxonomy":"category","embeddable":true,"href":"https:\/\/plazajuarez.mx\/historico\/wp-json\/wp\/v2\/categories?post=102273"},{"taxonomy":"post_tag","embeddable":true,"href":"https:\/\/plazajuarez.mx\/historico\/wp-json\/wp\/v2\/tags?post=102273"}],"curies":[{"name":"wp","href":"https:\/\/api.w.org\/{rel}","templated":true}]}}