{"id":102268,"date":"2020-04-06T14:17:19","date_gmt":"2020-04-06T14:17:19","guid":{"rendered":"http:\/\/plazajuarez.mx\/index\/index.php\/2020\/04\/06\/retratos-hablados-945\/"},"modified":"2020-04-06T14:17:19","modified_gmt":"2020-04-06T14:17:19","slug":"retratos-hablados-945","status":"publish","type":"post","link":"https:\/\/plazajuarez.mx\/historico\/retratos-hablados-945\/","title":{"rendered":"RETRATOS HABLADOS"},"content":{"rendered":"<p>De encierros y amor<br \/>\u00a0\u00a0 \u00a0\u2022\u00a0\u00a0 \u00a0\u201cMorirse justo ahora, ahorita como se dice en M\u00e9xico, no puede dar como resultado nada bueno\u201d\u2028<\/p>\n<p>  <!--more-->  <\/p>\n<p>Luego de una operaci\u00f3n, por lo regular el doctor ordena al paciente se quede guardado en casa unos d\u00edas: pocos si la intervenci\u00f3n fue menor, muchos si alcanz\u00f3 el grado de complicada. De tal modo que se entiende que por haber estado enfermo tendr\u00e1 que guardar cama, pero fundamentalmente aislarse del resto de sus cong\u00e9neres humanos. Puede manifestar a la vuelta de unas cuantas horas su hartazgo, fastidio por no ver m\u00e1s que cuatro paredes, una ventana y la televisi\u00f3n, de la que tambi\u00e9n acaba hastiado con todo y Netflix, Amazon y cosas por el estilo. Sin embargo se consuela porque la enfermedad fue la que lo llev\u00f3 a su encarcelamiento en el hogar.<br \/>\u00a0\u00a0 \u00a0Resulta otro asunto cuando sin estar mal de salud, pero la seguridad de que podr\u00eda estarlo si no atiende la indicaci\u00f3n de quedarse en su casa, de pronto descubre que lleva m\u00e1s de una semana sin asomar la cabeza a la calle, y mucho menos a los centros comerciales que tanto disfrutaba los fines de semana sin comprar absolutamente nada, porque para hacerlo se necesita dinero y con o sin virus de por medio, una buena parte nunca tienen excedentes para darse gusto alguno.<br \/>\u00a0\u00a0 \u00a0Por fin se da cuenta que salir de casa para irse a encerrar a una plaza techada y cerrada por todos lados, pr\u00e1cticamente es lo mismo que hoy experimenta, con la salvedad de que en estos d\u00edas la multiplicaci\u00f3n de enfermos y muertos lo espanta hasta la psicosis, peor si ya rebas\u00f3 los 60 a\u00f1os, terrible si es diab\u00e9tico, horroroso si adem\u00e1s resulta hipertenso y est\u00e1 pasado de peso. De repente se siente moribundo, con un paso en el m\u00e1s all\u00e1, y se da a la tarea de hacer un resumen de su existencia, regularmente con saldo negativo.<br \/>\u00a0\u00a0 \u00a0As\u00ed que morirse justo ahora, ahorita como se dice en M\u00e9xico, no puede dar como resultado nada bueno. Pero tiene tiempo de pensar y volver a pensar lo que ha hecho o dejado de hacer ya como sexagenario con credencial del Inapam, y a veces un car\u00e1cter de los mil demonios porque es com\u00fan que la frustraci\u00f3n se presente en esta etapa de la vida.<br \/>\u00a0\u00a0 \u00a0Sin embargo, y por supuesto, el encarcelamiento voluntario al que todos decidimos someternos tambi\u00e9n empieza a generar un profundo orgullo de quienes lo practican con puntualidad: el orgullo por descubrir que no solo lo hacen por ellos, sino por los otros, que primero pueden ser los integrantes de su familia, pero al poco tiempo se extiende a quienes simplemente no conoce y tal vez nunca conocer\u00e1.<br \/>\u00a0\u00a0 \u00a0Es decir que se trata de un gesto pleno de compasi\u00f3n, de amor, de sentir en carne propia un sentimiento que nunca se pens\u00f3 abundara con tanta naturalidad, y mucho menos en situaciones tan cr\u00edticas.<br \/>\u00a0\u00a0 \u00a0Resulta tambi\u00e9n fundamental precisar que quienes no se quedan en casa, en su inmensa mayor\u00eda son muestra a\u00fan m\u00e1s clara del amor entra\u00f1able por sus semejantes, porque salen con todo y los riesgos que esto implica, a ganarse la vida como se dice, a buscar los recursos econ\u00f3micos que le permitan mantener a su familia, que regularmente vive al d\u00eda.<br \/>\u00a0\u00a0 \u00a0Para fortuna de todos, lo que priva es un profundo y sentido sentimiento de amor hacia los semejantes, porque m\u00e1s all\u00e1 de la politiquer\u00eda que como siempre busca sacar provecho de la situaci\u00f3n, lo que est\u00e1 a prueba no es si funciona en el pa\u00eds una nueva Transformaci\u00f3n de la vida; si en el vecino del norte, el orate que tienen como Presidente logra afianzar su reelecci\u00f3n, si un sistema pol\u00edtico-econ\u00f3mico y social triunfa sobre otro.<br \/>\u00a0\u00a0 \u00a0Lo que est\u00e1 a prueba es el ser humano, al que solo puede salvarlo el amor.<\/p>\n<p>Mil gracias, hasta ma\u00f1ana.<\/p>\n<p>jeperalta@plazajuarez.mx\/historico\/historico<br \/>@JavierEPeralta\u00a0\u00a0\u00a0<\/p>\n","protected":false},"excerpt":{"rendered":"<p>De encierros y amor\u00a0\u00a0 \u00a0\u2022\u00a0\u00a0 \u00a0\u201cMorirse justo ahora, ahorita como se dice en M\u00e9xico, no puede dar como resultado nada bueno\u201d\u2028<\/p>\n","protected":false},"author":93,"featured_media":0,"comment_status":"open","ping_status":"open","sticky":false,"template":"","format":"standard","meta":{"footnotes":""},"categories":[49],"tags":[],"class_list":["post-102268","post","type-post","status-publish","format-standard","hentry","category-javier-peralta"],"_links":{"self":[{"href":"https:\/\/plazajuarez.mx\/historico\/wp-json\/wp\/v2\/posts\/102268","targetHints":{"allow":["GET"]}}],"collection":[{"href":"https:\/\/plazajuarez.mx\/historico\/wp-json\/wp\/v2\/posts"}],"about":[{"href":"https:\/\/plazajuarez.mx\/historico\/wp-json\/wp\/v2\/types\/post"}],"author":[{"embeddable":true,"href":"https:\/\/plazajuarez.mx\/historico\/wp-json\/wp\/v2\/users\/93"}],"replies":[{"embeddable":true,"href":"https:\/\/plazajuarez.mx\/historico\/wp-json\/wp\/v2\/comments?post=102268"}],"version-history":[{"count":0,"href":"https:\/\/plazajuarez.mx\/historico\/wp-json\/wp\/v2\/posts\/102268\/revisions"}],"wp:attachment":[{"href":"https:\/\/plazajuarez.mx\/historico\/wp-json\/wp\/v2\/media?parent=102268"}],"wp:term":[{"taxonomy":"category","embeddable":true,"href":"https:\/\/plazajuarez.mx\/historico\/wp-json\/wp\/v2\/categories?post=102268"},{"taxonomy":"post_tag","embeddable":true,"href":"https:\/\/plazajuarez.mx\/historico\/wp-json\/wp\/v2\/tags?post=102268"}],"curies":[{"name":"wp","href":"https:\/\/api.w.org\/{rel}","templated":true}]}}