{"id":102267,"date":"2020-04-06T14:17:18","date_gmt":"2020-04-06T14:17:18","guid":{"rendered":"http:\/\/plazajuarez.mx\/index\/index.php\/2020\/04\/06\/respondiendo-demandas-y-superando-obstaculos\/"},"modified":"2020-04-06T14:17:18","modified_gmt":"2020-04-06T14:17:18","slug":"respondiendo-demandas-y-superando-obstaculos","status":"publish","type":"post","link":"https:\/\/plazajuarez.mx\/historico\/respondiendo-demandas-y-superando-obstaculos\/","title":{"rendered":"Respondiendo demandas y superando obst\u00e1culos."},"content":{"rendered":"<p>Conciencia Ciudadana<\/p>\n<p>  <!--more-->  <\/p>\n<p>La llegada de la pandemia del Covid-19 a nuestro pa\u00eds coincidi\u00f3 con un cambio de r\u00e9gimen pol\u00edtico nada f\u00e1cil para quien lo encabeza ni para la sociedad mexicana en general. Antes de la aparici\u00f3n del flagelo, hace un mes y medio, el nuevo gobierno hab\u00eda comenzado a aplicar sus propias f\u00f3rmulas con el fin de redirigir la econom\u00eda nacional y las finanzas p\u00fablicas hacia metas m\u00e0s favorables a las mayor\u00edas sociales; golpeadas por la concentraci\u00f3n del ingreso, el abandono del desarrollo popular y los servicios p\u00fablicos y un galopante endeudamiento de los gobiernos neoliberales.<br \/>Al iniciar su sexenio, el presidente L\u00f3pez Obrador hubo de enfrentar el da\u00f1o provocado por las pol\u00edticas neoliberales en pr\u00e1cticamente todos los campos de la administraci\u00f3n p\u00fablica y la econom\u00eda implementando medidas urgentes de reconversi\u00f3n que no gustaron a todos. A\u00fan antes de tomar posesi\u00f3n de su cargo, el nuevo presidente dio muestras fehacientes de que con \u00e9l las cosas no ser\u00edan igual que antes. La cancelaci\u00f3n del Nuevo Aeropuerto de la Ciudad de M\u00e9xico fue su primer enfrentamiento con la oligarqu\u00eda neoliberal, haciendo patente ante la opini\u00f3n p\u00fablica que el nuevo sexenio iba en serio por la transformaci\u00f3n de la vida nacional. <br \/>Tras protestar el cargo presidencial, Andr\u00e9s Manuel emprendi\u00f3 un debate sin claudicaciones con\u00a0 las fuerzas empe\u00f1adas en mantener el costoso proyecto, haciendo escuchar una novedosa argumentaci\u00f3n en lo pol\u00edtico y lo econ\u00f3mico, que caus\u00f3 el enojo de sus malquerientes y el desconcierto de sectores intelectuales, acad\u00e9micos y cient\u00edficos impuestos a analizar y debatir la realidad nacional desde la visi\u00f3n del neoliberalismo, orientada a garantizar las ganancias empresariales y a entender\u00a0 la intervenci\u00f3n\u00a0 del\u00a0 gobierno en la econom\u00eda, s\u00f3lo como auxiliar para el fomento y protecci\u00f3n de los negocios privados. <br \/>Las discusiones entre el presidente y quienes le rebaten fueron \u2013y siguen siendo- r\u00edspidas y dif\u00edciles. El uso indiscriminado de los medios de comunicaci\u00f3n social -todav\u00eda en manos de quienes han perdido su capacidad de maniobra pol\u00edtica e intentan recuperarla influyendo sobre la opini\u00f3n p\u00fablica- ha sido desde entonces la constante de la vida pol\u00edtica. Sin embargo, tambi\u00e9n en ese campo de lucha el presidente ha salido adelante; pues la opini\u00f3n p\u00fablica sigue siendo favorable a sus decisiones no solo por la confianza hacia su persona, sino por las medidas favorables a la econom\u00eda popular mediante obras p\u00fablicas de gran calado, apoyos econ\u00f3micos a ancianos, estudiantes, precios de garant\u00eda para agricultores, gasolina barata y control de la inflaci\u00f3n, entre otros a los que sus adversarios no les conceden valor alguno.\u00a0\u00a0 <br \/>Por tanto, no es posible ocultar \u2013aunque algunos traten de hacerlo-, que en la confrontaci\u00f3n entre las tesis econ\u00f3micas de Andr\u00e9s Manuel y las de sus adversarios se enfrentan dos proyectos de naci\u00f3n\u00a0 distintos -aunque no a\u00fan de manera radical-, que dividen a la sociedad mexicana irremediablemente en dos bandos ideol\u00f3gicos a los que el presidente identifica como conservadores y liberales; cuya existencia se debe a causas hist\u00f3ricas y sociales que, crey\u00e9ndose superadas; no s\u00f3lo no se han resuelto, sino que, por el contrario, resurgieron con renovado br\u00edo con el triunfo del neoliberalismo; de ah\u00ed la referencia constante que el encargado del ejecutivo nacional hace de ellos en sus entrevistas, declaraciones y escritos.\u00a0 <br \/>Pero no s\u00f3lo debaten ambos polos de la opini\u00f3n nacional. Entre quienes apoyan el cambio, hay algunos que siguen dudando que el gobierno de la 4T vaya en el camino correcto al confrontarse\u00a0 con las teor\u00edas que ellos mismos adquirieron en su formaci\u00f3n acad\u00e9mica y defendieron en su anterior pr\u00e1ctica profesional; lo que les hace temblar ante la temeridad de las decisiones presidenciales. Aunque poco visible, este grupo es muy poderoso, pues ocupa posiciones estrat\u00e9gicas en la actual administraci\u00f3n desde las cuales trata permanentemente de moderar los efectos de las decisiones presidenciales mediatizando su alcance y operatividad propiciando toda clase de obst\u00e1culos que impiden, estorban o de plano sabotean las medidas \u2013a su juicio demasiado \u201cradicales\u201d-del proyecto liberal y democr\u00e1tico de la Cuarta Transformaci\u00f3n.<br \/>No obstante, contra lo recomendado por conservadores y cautos moderados, AMLO\u00a0 ha logrado, en este tramo de su gobierno, dedicar fuertes recursos al bienestar social, deteniendo el endeudamiento p\u00fablico sin aumentar impuestos (aunque tampoco condonarlos) e iniciar grandes proyectos de inversi\u00f3n p\u00fablica como el aeropuerto de Santa Luc\u00eda; la Refiner\u00eda de Dos Bocas o el programa Sembrando Vida; a la par de detener la\u00a0 concesiones petroleras; todo, sin recurrir a pr\u00e9stamos de la banca de desarrollo ni tocar con el p\u00e9talo de una incautaci\u00f3n empresarial al capital o poner en el banquillo de los acusados a los ex presidentes de la rep\u00fablica ni a ning\u00fan oligarca mafioso.\u00a0 <br \/>De \u00faltima hora, AMLO sorprende a los inconformes con sus pol\u00edticas econ\u00f3micas renunciando a los llamados tiempos oficiales en las televisoras comerciales, lo que permitir\u00eda a estas obtener jugosas ganancias por publicidad, tal vez mayores a las posibles reducciones fiscales que ellos ven\u00edan exigiendo para \u201csalvar a la industria de las telecomunicaciones\u201d; todo ello sin que nadie se lo haya pedido y ni siquiera insinuado; renunciando a un poder que se mantuvo en manos de los presidentes del pasado demostrando, ante propios y extra\u00f1os , que es capaz de desprenderse de un poderoso escudo contra el conservador sector de las televisoras privadas, permitiendo que puedan recapitalizarse mediante la recuperaci\u00f3n del uso de tal espacio. Si esto no lo es, pues entonces no se sabe qu\u00e9 ser\u00e1 el cambio.\u00a0 <br \/>L\u00f3pez Obrador se perfila as\u00ed como un conocedor a fondo de la econom\u00eda nacional y del poder que \u201cdetenta\u201d para poderla transformar en beneficio de los grandes sectores nacionales; mostrando a la naci\u00f3n entera\u00a0 las posibilidades que surgen\u00a0 cuando se renuncia a ver a lo econ\u00f3mico s\u00f3lo como instrumento para la obtenci\u00f3n de ganancias privadas y, en cambio, se orienta a rescatar a los sectores m\u00e1s pobres de su miseria, a fortalecer la planta productiva propiedad de la naci\u00f3n y a destinar sus ganancias a la educaci\u00f3n, la salud y la protecci\u00f3n de todos los habitantes de la naci\u00f3n.\u00a0 <br \/>Y RECUERDEN QUE VIVOS SE LOS LLEVARON Y VIVOS LOS QUEREMOS YA CON NOSOTROS. <\/p>\n","protected":false},"excerpt":{"rendered":"<p>Conciencia Ciudadana<\/p>\n","protected":false},"author":93,"featured_media":0,"comment_status":"open","ping_status":"open","sticky":false,"template":"","format":"standard","meta":{"footnotes":""},"categories":[55],"tags":[],"class_list":["post-102267","post","type-post","status-publish","format-standard","hentry","category-miguel-angel-serna"],"_links":{"self":[{"href":"https:\/\/plazajuarez.mx\/historico\/wp-json\/wp\/v2\/posts\/102267","targetHints":{"allow":["GET"]}}],"collection":[{"href":"https:\/\/plazajuarez.mx\/historico\/wp-json\/wp\/v2\/posts"}],"about":[{"href":"https:\/\/plazajuarez.mx\/historico\/wp-json\/wp\/v2\/types\/post"}],"author":[{"embeddable":true,"href":"https:\/\/plazajuarez.mx\/historico\/wp-json\/wp\/v2\/users\/93"}],"replies":[{"embeddable":true,"href":"https:\/\/plazajuarez.mx\/historico\/wp-json\/wp\/v2\/comments?post=102267"}],"version-history":[{"count":0,"href":"https:\/\/plazajuarez.mx\/historico\/wp-json\/wp\/v2\/posts\/102267\/revisions"}],"wp:attachment":[{"href":"https:\/\/plazajuarez.mx\/historico\/wp-json\/wp\/v2\/media?parent=102267"}],"wp:term":[{"taxonomy":"category","embeddable":true,"href":"https:\/\/plazajuarez.mx\/historico\/wp-json\/wp\/v2\/categories?post=102267"},{"taxonomy":"post_tag","embeddable":true,"href":"https:\/\/plazajuarez.mx\/historico\/wp-json\/wp\/v2\/tags?post=102267"}],"curies":[{"name":"wp","href":"https:\/\/api.w.org\/{rel}","templated":true}]}}