{"id":102266,"date":"2020-04-06T14:17:12","date_gmt":"2020-04-06T14:17:12","guid":{"rendered":"http:\/\/plazajuarez.mx\/index\/index.php\/2020\/04\/06\/los-viejos-caminan-lento\/"},"modified":"2020-04-14T20:24:27","modified_gmt":"2020-04-14T20:24:27","slug":"los-viejos-caminan-lento","status":"publish","type":"post","link":"https:\/\/plazajuarez.mx\/historico\/los-viejos-caminan-lento\/","title":{"rendered":"Los viejos caminan lento"},"content":{"rendered":"<p>DE CUERPO ENTERO<\/p>\n<p>  <!--more-->  <\/p>\n<p>Ni en un sue\u00f1o atroz de media noche el mundo se hubiera plasmado im\u00e1genes tan macabras como ahora con escenas que parten los afectos m\u00e1s duros. En Ecuador, con el llanto abierto al infinito, la gente pide que vayan por sus cad\u00e1veres, que ellos ya tambi\u00e9n est\u00e1n enfermos; y otros, al no poder despertar de esta pesadilla, prefieren incinerarlos justo frente a sus casas. Los momentos en el mundo rebasan los caminos ardientes de \u201cLa Divina Comedia\u201d de Dante, porque ahora los sentimos ya como truenos de lluvia inminente, a la vuelta de la esquina.<br \/>\u00a0\u00a0 \u00a0El 27 de marzo, cuando la noche iniciaba, el Papa Francisco cruz\u00f3 la plaza de San Pedro: solo, con su caminar lento y doloroso, teniendo como compa\u00f1\u00eda solo a la lluvia que necia se acentuaba. Quer\u00eda decir al mundo que cada muerte le dol\u00eda, y con la custodia en sus manos dio la bendici\u00f3n urbi et orbi, queriendo envolver al mundo que parece se desmorona en pedazos por un virus que se ensa\u00f1a con rudeza.<br \/>El coronavirus (Covid-19) como un asesino con guada\u00f1a muy filosa, se expande sin reparos por todo el mundo, y ahora con aires de maldito ha dicho mil veces que prefiere a los viejos, a los ancianos cuyo \u00fanico pecado ha sido el vivir m\u00e1s a\u00f1os.<br \/>Italia, pa\u00eds con m\u00e1s de 60 millones de habitantes y donde el 22.6% son personas de m\u00e1s de 65 a\u00f1os, es donde la muerte campea con donaire: casi 700 muertos cada 24 horas; Espa\u00f1a y ahora Estados Unidos caminan por el mismo sendero.<\/p>\n<p>M\u00c9XICO<br \/>De acuerdo con la Encuesta Nacional de la Din\u00e1mica Demogr\u00e1fica (ENADID 2018), nuestro pa\u00eds cuenta con m\u00e1s de 120 millones de habitantes, y de ellos 15.4 millones tienen m\u00e1s de 60 a\u00f1os, que corresponde a un poco m\u00e1s del 12%; el 41.4% son econ\u00f3micamente activos, pero 4 de cada 10 viven solos, y el 69.4% tienen alguna discapacidad.<br \/>En M\u00e9xico la capacidad hospitalaria se presenta m\u00e1s en una imaginaria que en una realidad absoluta, y m\u00e1s nos valdr\u00eda como dice el viejo dicho: \u201cque nos agarre confesados\u201d. <br \/>A\u00fan dentro de este panorama desalentador en nuestra patria el virus, como si fueran rounds de sombra, sigue buscando d\u00f3nde picar con fuerza.<\/p>\n<p>\u00bfQU\u00c9 SIGNIFICA LLEGAR A VIEJO EN M\u00c9XICO?<br \/>Como anotamos arriba, el 60% ya no son econ\u00f3micamente activos y desgraciadamente muy pocos pensionados, luego entonces lo primero que aparece cuando se rebasan los 60 a\u00f1os de edad, es arribar al terreno muy vasto de la pobreza; surge la posibilidad de la ayuda gubernamental, y desde luego la tarea indigna de cada mes formarse en filas inmensas para obtener el beneficio; se trata pues de que la gente vea lo que el gobierno \u201cgeneroso\u201d hace por los viejos. <br \/>Es inevitable que los achaques se acent\u00faen m\u00e1s, y que se requiera de m\u00e1s medicamentos para logra atenuarlos para que aparezcan otros; cuesta m\u00e1s caminar r\u00e1pido, cuesta m\u00e1s entender todo. El 40% de los y las personas mayores viven solos, y deben aprender a vivir con la soledad que suele convertirse en buena compa\u00f1era.<br \/>En \u00e9pocas remotas se ten\u00eda la ingenua ilusi\u00f3n de que los que hab\u00edan tenido m\u00e1s hijos, recibir\u00edan m\u00e1s prebendas y atenciones, porque rezaba la frase socarrona de: \u201c\u00a1yo que te di la vida!\u201d, y ahora caemos en la cuenta de que los hijos nunca pidieron venir y tampoco firmaron un pagar\u00e9. Hoy d\u00eda los j\u00f3venes se debaten con un mundo sustentado en lo inmediato, en la demanda absoluta no solo de su tiempo, sino del consumo pronto. No es justo que el viejo pida o espera como \u00fanica tabla de salvaci\u00f3n la ayuda absoluta de los hijos; se tuvieron por amor, y ellos deben trazar diariamente sus vidas; no son ingratos, est\u00e1n con dificultad viendo por los que tienen enfrente: sus familias. <\/p>\n<p>Los viejos caminan lento,<br \/>Pero caminaron fuerte;<br \/>Supieron abrir las brechas llenas de maleza,<br \/>Que ahora los nuevos recorren con certeza;<\/p>\n<p>Los viejos caminan lento,<br \/>Pero subieron monta\u00f1as y cruzaron r\u00edos,<br \/>Levantaron los pu\u00f1os y gritaron con fuerza,<br \/>Que el 68 no se olvida,<br \/>Que todos somos iguales en un mundo <br \/>Que trataba a los menos con dureza;<\/p>\n<p>Los viejos caminan lento,<br \/>Pero supieron ver en lontananza,<br \/>Un pu\u00f1ado de ni\u00f1as y de ni\u00f1os<br \/>Abrazando la historia, dibujando el futuro<br \/>Como lanza.<\/p>\n<p>Si el covid-19<br \/>Nos atrapa, sepan ustedes <br \/>Que los viejos de ahora, como dijera Verdi en su Nabuco,<br \/>\u201cYa vuelan nuestros pensamientos con alas muy doradas\u201d.<\/p>\n","protected":false},"excerpt":{"rendered":"<p>DE CUERPO ENTERO<\/p>\n","protected":false},"author":93,"featured_media":0,"comment_status":"open","ping_status":"open","sticky":false,"template":"","format":"standard","meta":{"footnotes":""},"categories":[82,42],"tags":[68],"class_list":["post-102266","post","type-post","status-publish","format-standard","hentry","category-dr-antonio-peralta-sanchez","category-nuestrapalabra","tag-doctor-peralta"],"_links":{"self":[{"href":"https:\/\/plazajuarez.mx\/historico\/wp-json\/wp\/v2\/posts\/102266","targetHints":{"allow":["GET"]}}],"collection":[{"href":"https:\/\/plazajuarez.mx\/historico\/wp-json\/wp\/v2\/posts"}],"about":[{"href":"https:\/\/plazajuarez.mx\/historico\/wp-json\/wp\/v2\/types\/post"}],"author":[{"embeddable":true,"href":"https:\/\/plazajuarez.mx\/historico\/wp-json\/wp\/v2\/users\/93"}],"replies":[{"embeddable":true,"href":"https:\/\/plazajuarez.mx\/historico\/wp-json\/wp\/v2\/comments?post=102266"}],"version-history":[{"count":0,"href":"https:\/\/plazajuarez.mx\/historico\/wp-json\/wp\/v2\/posts\/102266\/revisions"}],"wp:attachment":[{"href":"https:\/\/plazajuarez.mx\/historico\/wp-json\/wp\/v2\/media?parent=102266"}],"wp:term":[{"taxonomy":"category","embeddable":true,"href":"https:\/\/plazajuarez.mx\/historico\/wp-json\/wp\/v2\/categories?post=102266"},{"taxonomy":"post_tag","embeddable":true,"href":"https:\/\/plazajuarez.mx\/historico\/wp-json\/wp\/v2\/tags?post=102266"}],"curies":[{"name":"wp","href":"https:\/\/api.w.org\/{rel}","templated":true}]}}