{"id":102205,"date":"2020-04-04T15:51:38","date_gmt":"2020-04-04T15:51:38","guid":{"rendered":"http:\/\/plazajuarez.mx\/index\/index.php\/2020\/04\/04\/madonna-dona-1mdd-para-combatir-el-covid-19\/"},"modified":"2020-04-04T15:51:38","modified_gmt":"2020-04-04T15:51:38","slug":"madonna-dona-1mdd-para-combatir-el-covid-19","status":"publish","type":"post","link":"https:\/\/plazajuarez.mx\/historico\/madonna-dona-1mdd-para-combatir-el-covid-19\/","title":{"rendered":"Madonna dona 1MDD, para combatir el Covid-19"},"content":{"rendered":"<h1>&#8220;Me uno a los esfuerzos de la Fundaci\u00f3n Bill y Melinda Gates\u201d, escribi\u00f3 la cantante<\/h1>\n<p>  <!--more-->  <\/p>\n<p>\u00a0<\/p>\n<h1>Madonna anunci\u00f3 este viernes que ha donado 1 mill\u00f3n de d\u00f3lares a la Fundaci\u00f3n Bill y Melinda Gates para apoyar sus intentos por encontrar una cura al coronavirus.<\/h1>\n<h1>\u00a0<\/h1>\n<h1>&#8220;Me uno a los esfuerzos de la Fundaci\u00f3n Bill y Melinda Gates en la b\u00fasqueda de un medicamento que prevenga o trate el COVID-19. Lo necesitamos para proteger a nuestro personal m\u00e9dico, los m\u00e1s vulnerables, y todos nuestros amigos y familiares&#8221;, asegur\u00f3 Madonna en una nota publicada en su p\u00e1gina web.<\/h1>\n<h1>\u00a0<\/h1>\n<h1>La responsable de &#8220;Like a Prayer&#8221; dijo estar &#8220;impresionada&#8221; con el &#8220;fundamental&#8221; trabajo realizado por esa organizaci\u00f3n y su Acelerador Terap\u00e9utico de COVID-19, que est\u00e1 llevando a cabo acciones urgentes para desarrollar un nuevo f\u00e1rmaco o encontrar uno ya existente que pueda ayudar en la cura o prevenci\u00f3n del virus.<\/h1>\n<h1>\u00a0<\/h1>\n<h1>&#8220;Env\u00edo mucha gratitud y fuerza al personal de los servicios de emergencia, profesionales m\u00e9dicos y cient\u00edficos que est\u00e1n protegiendo nuestras comunidades, a aquellos que sufren y a los m\u00e1s vulnerables&#8221;, agreg\u00f3.<\/h1>\n<h1>\u00a0<\/h1>\n<h1>En la iniciativa del Acelerador Terap\u00e9utico del Covid-19 tambi\u00e9n participan Mastercard, el gobierno del Reino Unido, la organizaci\u00f3n Chan Zuckerberg (del fundador de Facebook Mark Zuckerberg y su esposa Priscila Chan) y la ONG brit\u00e1nica Wellcome, concret\u00f3 a los medios locales un portavoz de la Fundaci\u00f3n Bill y Melinda Gates.<\/h1>\n<p>\u00a0<\/p>\n","protected":false},"excerpt":{"rendered":"<p>&#8220;Me uno a los esfuerzos de la Fundaci\u00f3n Bill y Melinda Gates\u201d, escribi\u00f3 la cantante<\/p>\n","protected":false},"author":3,"featured_media":0,"comment_status":"open","ping_status":"open","sticky":false,"template":"","format":"standard","meta":{"footnotes":""},"categories":[38],"tags":[],"class_list":["post-102205","post","type-post","status-publish","format-standard","hentry","category-show"],"_links":{"self":[{"href":"https:\/\/plazajuarez.mx\/historico\/wp-json\/wp\/v2\/posts\/102205","targetHints":{"allow":["GET"]}}],"collection":[{"href":"https:\/\/plazajuarez.mx\/historico\/wp-json\/wp\/v2\/posts"}],"about":[{"href":"https:\/\/plazajuarez.mx\/historico\/wp-json\/wp\/v2\/types\/post"}],"author":[{"embeddable":true,"href":"https:\/\/plazajuarez.mx\/historico\/wp-json\/wp\/v2\/users\/3"}],"replies":[{"embeddable":true,"href":"https:\/\/plazajuarez.mx\/historico\/wp-json\/wp\/v2\/comments?post=102205"}],"version-history":[{"count":0,"href":"https:\/\/plazajuarez.mx\/historico\/wp-json\/wp\/v2\/posts\/102205\/revisions"}],"wp:attachment":[{"href":"https:\/\/plazajuarez.mx\/historico\/wp-json\/wp\/v2\/media?parent=102205"}],"wp:term":[{"taxonomy":"category","embeddable":true,"href":"https:\/\/plazajuarez.mx\/historico\/wp-json\/wp\/v2\/categories?post=102205"},{"taxonomy":"post_tag","embeddable":true,"href":"https:\/\/plazajuarez.mx\/historico\/wp-json\/wp\/v2\/tags?post=102205"}],"curies":[{"name":"wp","href":"https:\/\/api.w.org\/{rel}","templated":true}]}}