{"id":102203,"date":"2020-04-04T15:45:04","date_gmt":"2020-04-04T15:45:04","guid":{"rendered":"http:\/\/plazajuarez.mx\/index\/index.php\/2020\/04\/04\/selena-gomez-fue-diagnosticada-con-trastorno-bipolar\/"},"modified":"2020-04-04T15:45:04","modified_gmt":"2020-04-04T15:45:04","slug":"selena-gomez-fue-diagnosticada-con-trastorno-bipolar","status":"publish","type":"post","link":"https:\/\/plazajuarez.mx\/historico\/selena-gomez-fue-diagnosticada-con-trastorno-bipolar\/","title":{"rendered":"Selena G\u00f3mez fue diagnosticada con trastorno bipolar"},"content":{"rendered":"<h1>\u00a0<\/h1>\n<p>La cantante y actriz Selena G\u00f3mez desvel\u00f3 este viernes que ha sido diagnosticada con trastorno bipolar, durante una entrevista con Miley Cyrus en la que ambas artistas conversaron sobre sus carreras, familias y de c\u00f3mo lidian con la ansiedad.<\/p>\n<p>  <!--more-->  <\/p>\n<p>Es la primera vez que G\u00f3mez, de 27 a\u00f1os, pone nombre a su trastorno despu\u00e9s de haber experimentado cap\u00edtulos de ansiedad y depresi\u00f3n, sobre los que ha hablado en anteriores ocasiones y que adem\u00e1s han inspirado varias composiciones musicales.<\/p>\n<p>&#8220;Recientemente, fui a uno de los mejores hospitales de salud mental&#8230; McClean, habl\u00e9 de ello despu\u00e9s pasar por diferentes cosas durante a\u00f1os. Entonces supe que era bipolar&#8221;, cont\u00f3 G\u00f3mez en una conversaci\u00f3n con Cyrus emitida por Instagram.<\/p>\n<p>La entrevista entre ambas cantantes formaba parte del programa &#8220;Bright Minded&#8221;, que ofrece Cyrus en directo por la red social durante esta etapa de cuarentena por el coronavirus.<\/p>\n<p>Seg\u00fan G\u00f3mez, que siempre ha sido muy abierta sobre sus problemas, el tener informaci\u00f3n y conocer su trastorno hace que se sienta m\u00e1s segura.<\/p>\n<p>\u00a0<\/p>\n","protected":false},"excerpt":{"rendered":"<p>\u00a0 La cantante y actriz Selena G\u00f3mez desvel\u00f3 este viernes que ha sido diagnosticada con trastorno bipolar, durante una entrevista con Miley Cyrus en la que ambas artistas conversaron sobre sus carreras, familias y de c\u00f3mo lidian con la ansiedad.<\/p>\n","protected":false},"author":3,"featured_media":0,"comment_status":"open","ping_status":"open","sticky":false,"template":"","format":"standard","meta":{"footnotes":""},"categories":[38],"tags":[],"class_list":["post-102203","post","type-post","status-publish","format-standard","hentry","category-show"],"_links":{"self":[{"href":"https:\/\/plazajuarez.mx\/historico\/wp-json\/wp\/v2\/posts\/102203","targetHints":{"allow":["GET"]}}],"collection":[{"href":"https:\/\/plazajuarez.mx\/historico\/wp-json\/wp\/v2\/posts"}],"about":[{"href":"https:\/\/plazajuarez.mx\/historico\/wp-json\/wp\/v2\/types\/post"}],"author":[{"embeddable":true,"href":"https:\/\/plazajuarez.mx\/historico\/wp-json\/wp\/v2\/users\/3"}],"replies":[{"embeddable":true,"href":"https:\/\/plazajuarez.mx\/historico\/wp-json\/wp\/v2\/comments?post=102203"}],"version-history":[{"count":0,"href":"https:\/\/plazajuarez.mx\/historico\/wp-json\/wp\/v2\/posts\/102203\/revisions"}],"wp:attachment":[{"href":"https:\/\/plazajuarez.mx\/historico\/wp-json\/wp\/v2\/media?parent=102203"}],"wp:term":[{"taxonomy":"category","embeddable":true,"href":"https:\/\/plazajuarez.mx\/historico\/wp-json\/wp\/v2\/categories?post=102203"},{"taxonomy":"post_tag","embeddable":true,"href":"https:\/\/plazajuarez.mx\/historico\/wp-json\/wp\/v2\/tags?post=102203"}],"curies":[{"name":"wp","href":"https:\/\/api.w.org\/{rel}","templated":true}]}}