{"id":102202,"date":"2020-04-04T14:31:03","date_gmt":"2020-04-04T14:31:03","guid":{"rendered":"http:\/\/plazajuarez.mx\/index\/index.php\/2020\/04\/04\/suspenden-la-nations-league-de-concacaf-por-covid-19\/"},"modified":"2020-04-04T14:31:03","modified_gmt":"2020-04-04T14:31:03","slug":"suspenden-la-nations-league-de-concacaf-por-covid-19","status":"publish","type":"post","link":"https:\/\/plazajuarez.mx\/historico\/suspenden-la-nations-league-de-concacaf-por-covid-19\/","title":{"rendered":"Suspenden la Nations League de Concacaf por Covid-19"},"content":{"rendered":"<div>Los duelos de semifinales estaban programados para el 4 de junio en Houston <!--more--> <br \/>Mediante un comunicado oficial, la Concacaf ha anunciado que el Final Four de la primera edici\u00f3n de la Liga de Naciones ha quedado suspendido hasta nuevo aviso.<br \/>Los duelos de semifinales estaban programados para el 4 de junio en Houston, donde Estados Unidos se medir\u00eda con Honduras y la Selecci\u00f3n Mexicana con Costa Rica. La final se disputar\u00eda tres d\u00edas despu\u00e9s, en el estadio AT&amp;T de Arlington, hogar de los Cowboys de Dallas.<br \/>Esta suspensi\u00f3n se debe a la pandemia de Covid-19, misma que ha obligado la postergaci\u00f3n de innumerables torneos deportivos en el planeta.<br \/>La Concacaf no dio una fecha de cu\u00e1ndo se efectuar\u00e1n los choques y pero s\u00ed sobre el reembolso de dinero, dijo que ser\u00e1n hechos inmediatamente si la compra fue digital. Si fue en un establecimiento en persona, se debe entrar en contacto con el lugar donde se compraron.<span style=\"background-color: #ffffff;\"><br \/><\/span><\/div>\n","protected":false},"excerpt":{"rendered":"<p>Los duelos de semifinales estaban programados para el 4 de junio en Houston<\/p>\n","protected":false},"author":3,"featured_media":0,"comment_status":"open","ping_status":"open","sticky":false,"template":"","format":"standard","meta":{"footnotes":""},"categories":[39],"tags":[],"class_list":["post-102202","post","type-post","status-publish","format-standard","hentry","category-deportiva"],"_links":{"self":[{"href":"https:\/\/plazajuarez.mx\/historico\/wp-json\/wp\/v2\/posts\/102202","targetHints":{"allow":["GET"]}}],"collection":[{"href":"https:\/\/plazajuarez.mx\/historico\/wp-json\/wp\/v2\/posts"}],"about":[{"href":"https:\/\/plazajuarez.mx\/historico\/wp-json\/wp\/v2\/types\/post"}],"author":[{"embeddable":true,"href":"https:\/\/plazajuarez.mx\/historico\/wp-json\/wp\/v2\/users\/3"}],"replies":[{"embeddable":true,"href":"https:\/\/plazajuarez.mx\/historico\/wp-json\/wp\/v2\/comments?post=102202"}],"version-history":[{"count":0,"href":"https:\/\/plazajuarez.mx\/historico\/wp-json\/wp\/v2\/posts\/102202\/revisions"}],"wp:attachment":[{"href":"https:\/\/plazajuarez.mx\/historico\/wp-json\/wp\/v2\/media?parent=102202"}],"wp:term":[{"taxonomy":"category","embeddable":true,"href":"https:\/\/plazajuarez.mx\/historico\/wp-json\/wp\/v2\/categories?post=102202"},{"taxonomy":"post_tag","embeddable":true,"href":"https:\/\/plazajuarez.mx\/historico\/wp-json\/wp\/v2\/tags?post=102202"}],"curies":[{"name":"wp","href":"https:\/\/api.w.org\/{rel}","templated":true}]}}