{"id":102194,"date":"2020-04-04T14:03:55","date_gmt":"2020-04-04T14:03:55","guid":{"rendered":"http:\/\/plazajuarez.mx\/index\/index.php\/2020\/04\/04\/aprueba-asamblea-medidas-contra-covid-19\/"},"modified":"2020-04-04T14:03:55","modified_gmt":"2020-04-04T14:03:55","slug":"aprueba-asamblea-medidas-contra-covid-19","status":"publish","type":"post","link":"https:\/\/plazajuarez.mx\/historico\/aprueba-asamblea-medidas-contra-covid-19\/","title":{"rendered":"Aprueba Asamblea medidas contra Covid-19"},"content":{"rendered":"<div>La aprobaci\u00f3n se hizo con base en el Bando de Polic\u00eda y Gobierno al ser un tema de salud p\u00fablica<\/div>\n<div>Los comercios que no acaten las medidas podr\u00edan exponerse a la clausura del\u00a0establecimiento <!--more--> <\/div>\n<div>\u00a0<\/div>\n<div>Ante la Emergencia Sanitaria por Covid-19 y las medidas de prevenci\u00f3n que eviten la propagaci\u00f3n del virus la Asamblea Municipal aprob\u00f3, por unanimidad, llevar a cabo medidas de protecci\u00f3n en giros comerciales como bares, cantinas, restaurantes, cervecer\u00edas y comercios en general.<\/div>\n<div>En Sesi\u00f3n Ordinaria de Cabildo se aprobaron 11 medidas entre las que destacan el cierre de los establecimientos a las 22:00 horas; limpiar y desinfectar las superficies de trabajo, exhibidores, equipos y utensilios usados para venta de mercanc\u00edas y preparaci\u00f3n de alimentos, as\u00ed como sanitarios<\/div>\n<div>El personal deber\u00e1 lavarse las manos con frecuencia, usando agua y jab\u00f3n o un\u00a0 desinfectante,\u00a0a base alcohol al 70%, colocar botellas de gel antibacterial para clientes y trabajadores.<\/div>\n<div>Comerciantes y personal que preparan y manejan alimentos, as\u00ed como quienes los sirven y los reparten, deber\u00e1n usar cubrebocas y guantes de forma obligatoria, reducir al 50% la concurrencia de personas a los establecimientos y mantener una sana distancia de un metro entre personas.\u00a0<\/div>\n<div>Las \u00e1reas de la administraci\u00f3n municipal que realizar\u00e1n las supervisiones ser\u00e1n integrantes del Comit\u00e9 de Salud y Seguridad.<\/div>\n<div>Se suspenden sesiones ordinarias durante el periodo establecido por la Secretar\u00eda de Salud Federal y Estatal hasta el 30 de abril.\u00a0<\/div>\n<div>Desde el inicio de la contingencia las Direcciones de Sanidad, Reglamentos y Protecci\u00f3n Civil han hecho hincapi\u00e9 en las medidas preventivas que se deben llevar a cabo.\u00a0<\/div>\n<div>\u00a0<\/div>\n","protected":false},"excerpt":{"rendered":"<p>La aprobaci\u00f3n se hizo con base en el Bando de Polic\u00eda y Gobierno al ser un tema de salud p\u00fablica Los comercios que no acaten las medidas podr\u00edan exponerse a la clausura del\u00a0establecimiento<\/p>\n","protected":false},"author":3,"featured_media":0,"comment_status":"open","ping_status":"open","sticky":false,"template":"","format":"standard","meta":{"footnotes":""},"categories":[40],"tags":[],"class_list":["post-102194","post","type-post","status-publish","format-standard","hentry","category-region"],"_links":{"self":[{"href":"https:\/\/plazajuarez.mx\/historico\/wp-json\/wp\/v2\/posts\/102194","targetHints":{"allow":["GET"]}}],"collection":[{"href":"https:\/\/plazajuarez.mx\/historico\/wp-json\/wp\/v2\/posts"}],"about":[{"href":"https:\/\/plazajuarez.mx\/historico\/wp-json\/wp\/v2\/types\/post"}],"author":[{"embeddable":true,"href":"https:\/\/plazajuarez.mx\/historico\/wp-json\/wp\/v2\/users\/3"}],"replies":[{"embeddable":true,"href":"https:\/\/plazajuarez.mx\/historico\/wp-json\/wp\/v2\/comments?post=102194"}],"version-history":[{"count":0,"href":"https:\/\/plazajuarez.mx\/historico\/wp-json\/wp\/v2\/posts\/102194\/revisions"}],"wp:attachment":[{"href":"https:\/\/plazajuarez.mx\/historico\/wp-json\/wp\/v2\/media?parent=102194"}],"wp:term":[{"taxonomy":"category","embeddable":true,"href":"https:\/\/plazajuarez.mx\/historico\/wp-json\/wp\/v2\/categories?post=102194"},{"taxonomy":"post_tag","embeddable":true,"href":"https:\/\/plazajuarez.mx\/historico\/wp-json\/wp\/v2\/tags?post=102194"}],"curies":[{"name":"wp","href":"https:\/\/api.w.org\/{rel}","templated":true}]}}