{"id":102190,"date":"2020-04-04T13:23:56","date_gmt":"2020-04-04T13:23:56","guid":{"rendered":"http:\/\/plazajuarez.mx\/index\/index.php\/2020\/04\/04\/este-domingo-arranca-nuevo-ciclo-del-horario-de-verano\/"},"modified":"2020-04-04T13:23:56","modified_gmt":"2020-04-04T13:23:56","slug":"este-domingo-arranca-nuevo-ciclo-del-horario-de-verano","status":"publish","type":"post","link":"https:\/\/plazajuarez.mx\/historico\/este-domingo-arranca-nuevo-ciclo-del-horario-de-verano\/","title":{"rendered":"Este domingo arranca nuevo ciclo del Horario de Verano"},"content":{"rendered":"<p>Este s\u00e1bado, mientras est\u00e1s en casa por la contingencia sanitaria y antes de irte a dormir, recuerda adelantar una hora tu reloj, ya que en el primer minuto del domingo 5 de marzo inicia el Horario de Verano  <!--more--> <\/p>\n<p> Conforme al Decreto Legislativo vigente desde 2002 que establece el horario estacional, este domingo inicia el nuevo horario que concluir\u00e1 el 25 de octubre, aunque en los \u00faltimos a\u00f1os sus beneficios siguen siendo irregulares.<\/p>\n<p> De acuerdo con la Secretar\u00eda de Energ\u00eda (Sener), el Horario de Verano entra en vigor en la Rep\u00fablica Mexicana, con excepci\u00f3n de los estados de Sonora y Quintana Roo, as\u00ed como en los 33 municipios de la franja fronteriza norte.<\/p>\n<p> \u00c9stos son Tijuana, Mexicali, Ensenada, Playa Rosarito y Tecate, en Baja California; Ju\u00e1rez, Ojinaga, Ascensi\u00f3n, Coyame del Sotol, Guadalupe, Janos, Manuel Benavides y Praxedis G. Guerrero, en Chihuahua; Acu\u00f1a, Piedras Negras, Guerrero, Hidalgo, Jim\u00e9nez, Zaragoza, Nava y Ocampo, en Coahuila; An\u00e1huac y Los Aldama, en Nuevo Le\u00f3n; Nuevo Laredo, Reynosa, Matamoros, Camargo, Guerrero, Gustavo D\u00edaz Ordaz, Mier, Miguel Alem\u00e1n, R\u00edo Bravo y Valle Hermoso, en Tamaulipas.<\/p>\n<p> La modalidad de Horario de Verano inici\u00f3 en 1996, durante el gobierno de Ernesto Zedillo, a trav\u00e9s del Decreto por el que se establece el horario estacional que se aplicar\u00e1 en los Estados Unidos Mexicanos.<\/p>\n<p> A partir de entonces, el objetivo ha sido &#8220;hacer mejor uso de la luz solar durante los meses de mayor insolaci\u00f3n, para as\u00ed obtener una reducci\u00f3n en el consumo de energ\u00eda el\u00e9ctrica en las horas de mayor demanda de electricidad&#8221;, de acuerdo con informaci\u00f3n del Fideicomiso para el Ahorro de Energ\u00eda El\u00e9ctrica (Fide).<\/p>\n<p> Los resultados medidos en ahorros, tanto de consumo como demanda, se han reducido en los \u00faltimos a\u00f1os.<\/p>\n<p> Las cifras m\u00e1s resientes de la Sener revelan que en 2018, con la implementaci\u00f3n del Horario de Verano, se obtuvo un ahorro en consumo medido en Gigawatts-hora (GWh) de 945.29. Un a\u00f1o antes la cifra fue de 885 GWh. Los n\u00fameros de estos a\u00f1os distan de lo que se logr\u00f3 en 2013, cuando el ahorro en consumo alcanz\u00f3 mil 224 GWh.<\/p>\n<p> El ahorro en demanda medido en megawatts (MW) fue de 591.7 en 2018, cuando un a\u00f1o antes se report\u00f3 uno de 548 MW. En 2014, este ahorro se ubic\u00f3 en 888 MW. Los ahorros de hace dos a\u00f1os fueron equiparables al consumo de 592 mil casas con un consumo promedio de 266 kilowatt hora al bimestre (kWh\/bimestre), o el equivalente al consumo de 8.3 millones de l\u00e1mparas fluorescentes compactas autobalastradas prendidas las 24 horas del d\u00eda durante un a\u00f1o.<\/p>\n<p> Un a\u00f1o antes, esos ahorros se equipararon al consumo de 571 mil casas, pero con un consumo promedio de 258 kilowatt hora al bimestre (kWh\/bimestre), lo que refleja un aumento de 3.6% en el indicador entre uno y otro a\u00f1o.<\/p>\n<p>\n","protected":false},"excerpt":{"rendered":"<p>Este s\u00e1bado, mientras est\u00e1s en casa por la contingencia sanitaria y antes de irte a dormir, recuerda adelantar una hora tu reloj, ya que en el primer minuto del domingo 5 de marzo inicia el Horario de Verano<\/p>\n","protected":false},"author":6,"featured_media":0,"comment_status":"open","ping_status":"open","sticky":false,"template":"","format":"standard","meta":{"footnotes":""},"categories":[36],"tags":[],"class_list":["post-102190","post","type-post","status-publish","format-standard","hentry","category-nacion"],"_links":{"self":[{"href":"https:\/\/plazajuarez.mx\/historico\/wp-json\/wp\/v2\/posts\/102190","targetHints":{"allow":["GET"]}}],"collection":[{"href":"https:\/\/plazajuarez.mx\/historico\/wp-json\/wp\/v2\/posts"}],"about":[{"href":"https:\/\/plazajuarez.mx\/historico\/wp-json\/wp\/v2\/types\/post"}],"author":[{"embeddable":true,"href":"https:\/\/plazajuarez.mx\/historico\/wp-json\/wp\/v2\/users\/6"}],"replies":[{"embeddable":true,"href":"https:\/\/plazajuarez.mx\/historico\/wp-json\/wp\/v2\/comments?post=102190"}],"version-history":[{"count":0,"href":"https:\/\/plazajuarez.mx\/historico\/wp-json\/wp\/v2\/posts\/102190\/revisions"}],"wp:attachment":[{"href":"https:\/\/plazajuarez.mx\/historico\/wp-json\/wp\/v2\/media?parent=102190"}],"wp:term":[{"taxonomy":"category","embeddable":true,"href":"https:\/\/plazajuarez.mx\/historico\/wp-json\/wp\/v2\/categories?post=102190"},{"taxonomy":"post_tag","embeddable":true,"href":"https:\/\/plazajuarez.mx\/historico\/wp-json\/wp\/v2\/tags?post=102190"}],"curies":[{"name":"wp","href":"https:\/\/api.w.org\/{rel}","templated":true}]}}