{"id":102189,"date":"2020-04-04T13:18:11","date_gmt":"2020-04-04T13:18:11","guid":{"rendered":"http:\/\/plazajuarez.mx\/index\/index.php\/2020\/04\/04\/grupo-modelo-suspende-produccion-en-hidalgo-y-7-plantas-mas\/"},"modified":"2020-04-04T13:18:11","modified_gmt":"2020-04-04T13:18:11","slug":"grupo-modelo-suspende-produccion-en-hidalgo-y-7-plantas-mas","status":"publish","type":"post","link":"https:\/\/plazajuarez.mx\/historico\/grupo-modelo-suspende-produccion-en-hidalgo-y-7-plantas-mas\/","title":{"rendered":"Grupo Modelo suspende producci\u00f3n en Hidalgo y 7 plantas m\u00e1s"},"content":{"rendered":"<p>Mediante un comunicado, la firma anunci\u00f3 su decisi\u00f3n para cumplir &#8220;las acciones extraordinarias para atender la emergencia sanitaria generada por el virus SARS-CoV2&#8221; <!--more--> <\/p>\n<p>  La compa\u00f1\u00eda cervecera Grupo Modelo inform\u00f3 que a partir del 5 de abril completar\u00e1 el proceso de suspensi\u00f3n de sus operaciones de producci\u00f3n y comercializaci\u00f3n de cerveza, en cumplimiento al decreto de emergencia sanitaria anunciado el 31 de marzo por el Gobierno mexicano para frenar la propagaci\u00f3n del coronavirus (COVID-19).<\/p>\n<p> Mediante un comunicado, la firma anunci\u00f3 su decisi\u00f3n para cumplir &#8220;las acciones extraordinarias para atender la emergencia sanitaria generada por el virus SARS-CoV2&#8221;.<\/p>\n<p> &#8220;Estamos en el proceso de bajar la producci\u00f3n en nuestras plantas al m\u00ednimo necesario para no tener efectos irreversibles para su continuaci\u00f3n en el futuro&#8221;, apunt\u00f3 la compa\u00f1\u00eda en la nota.<\/p>\n<p> Se\u00f1al\u00f3 que el Gobierno mexicano &#8220;correctamente reconoce a la agroindustria como una actividad esencial, siendo la cerveza uno de los componentes m\u00e1s importantes de esta industria y el principal producto agroindustrial de exportaci\u00f3n&#8221;.<\/p>\n<p> La firma dijo que en caso de que el Gobierno &#8220;considere oportuno emitir alguna aclaraci\u00f3n confirmando a la cerveza como producto agroindustrial&#8221;, el Grupo Modelo est\u00e1 listos para &#8220;ejecutar un plan con m\u00e1s de 75 % de nuestro personal trabajando desde sus casas y al mismo tiempo garantizando el abasto de cerveza&#8221;.<\/p>\n<p> La empresa cervecera cuenta con una capacidad de producci\u00f3n de m\u00e1s de 82 millones de hectolitros al a\u00f1o, en sus ocho plantas instaladas en M\u00e9xico, ubicadas en los estados Yucat\u00e1n, Zacatecas, Coahuila, Ciudad de M\u00e9xico, Guadalajara, Oaxaca, Sinaloa e Hidalgo.<\/p>\n<p> El Gobierno de Andr\u00e9s Manuel L\u00f3pez Obrador decret\u00f3 el lunes la emergencia sanitaria por COVID-19, que obliga a frenar todas las actividades econ\u00f3micas excepto las consideradas esenciales hasta el 30 de abril.<\/p>\n<p> El decreto considera esenciales la producci\u00f3n y distribuci\u00f3n de &#8220;alimentos y bebidas no alcoh\u00f3licas&#8221;, por tanto, a la pr\u00e1ctica quedar\u00eda prohibida la producci\u00f3n de bebidas con alcohol, aunque ninguna cervecera hab\u00eda anunciado oficialmente el paro de sus actividades.<\/p>\n","protected":false},"excerpt":{"rendered":"<p>Mediante un comunicado, la firma anunci\u00f3 su decisi\u00f3n para cumplir &#8220;las acciones extraordinarias para atender la emergencia sanitaria generada por el virus SARS-CoV2&#8221;<\/p>\n","protected":false},"author":6,"featured_media":0,"comment_status":"open","ping_status":"open","sticky":false,"template":"","format":"standard","meta":{"footnotes":""},"categories":[36],"tags":[],"class_list":["post-102189","post","type-post","status-publish","format-standard","hentry","category-nacion"],"_links":{"self":[{"href":"https:\/\/plazajuarez.mx\/historico\/wp-json\/wp\/v2\/posts\/102189","targetHints":{"allow":["GET"]}}],"collection":[{"href":"https:\/\/plazajuarez.mx\/historico\/wp-json\/wp\/v2\/posts"}],"about":[{"href":"https:\/\/plazajuarez.mx\/historico\/wp-json\/wp\/v2\/types\/post"}],"author":[{"embeddable":true,"href":"https:\/\/plazajuarez.mx\/historico\/wp-json\/wp\/v2\/users\/6"}],"replies":[{"embeddable":true,"href":"https:\/\/plazajuarez.mx\/historico\/wp-json\/wp\/v2\/comments?post=102189"}],"version-history":[{"count":0,"href":"https:\/\/plazajuarez.mx\/historico\/wp-json\/wp\/v2\/posts\/102189\/revisions"}],"wp:attachment":[{"href":"https:\/\/plazajuarez.mx\/historico\/wp-json\/wp\/v2\/media?parent=102189"}],"wp:term":[{"taxonomy":"category","embeddable":true,"href":"https:\/\/plazajuarez.mx\/historico\/wp-json\/wp\/v2\/categories?post=102189"},{"taxonomy":"post_tag","embeddable":true,"href":"https:\/\/plazajuarez.mx\/historico\/wp-json\/wp\/v2\/tags?post=102189"}],"curies":[{"name":"wp","href":"https:\/\/api.w.org\/{rel}","templated":true}]}}