{"id":102180,"date":"2020-04-04T05:46:29","date_gmt":"2020-04-04T05:46:29","guid":{"rendered":"http:\/\/plazajuarez.mx\/index\/index.php\/2020\/04\/04\/amlo-tendra-que-endeudarse-por-recesion\/"},"modified":"2020-04-04T05:46:29","modified_gmt":"2020-04-04T05:46:29","slug":"amlo-tendra-que-endeudarse-por-recesion","status":"publish","type":"post","link":"https:\/\/plazajuarez.mx\/historico\/amlo-tendra-que-endeudarse-por-recesion\/","title":{"rendered":"AMLO tendr\u00e1 que endeudarse por recesi\u00f3n"},"content":{"rendered":"<p>El contraer deuda es lo correcto, para poder resistir el impacto de la recesi\u00f3n, escribi\u00f3 en Twitter<\/p>\n<p>  <!--more-->  <\/p>\n<p>\u201cSobre todo cuando ya se us\u00f3 en gasto corriente la mitad del Fondo de Reserva creado para contingencias\u201d, y lanz\u00f3 un: &#8220;al tiempo&#8221;<br \/>El expresidente Felipe Calder\u00f3n asegur\u00f3 que dada la crisis actual provocada por la pandemia del Covid-19 y de la recesi\u00f3n econ\u00f3mica internacional, el gobierno de AMLO tendr\u00e1 que recurrir al endeudamiento.<br \/>Dijo que en la crisis financiera y de la influenza A H1N1 de 2009 se lanz\u00f3 un programa de est\u00edmulos econ\u00f3micos con un fuerte componente de gasto p\u00fablico que result\u00f3 un \u00e9xito. Aun as\u00ed la deuda qued\u00f3 en 32% del Producto Interno Bruto (PIB) que es bajo comparado internacionalmente.<br \/>M\u00c9XICO PIDE EN LA ONU GARANTIZAR ACCESO A MEDICINAS<br \/>Son tiempos para actuar con solidaridad y evitar pr\u00e1cticas monop\u00f3licas o especulativas que aumentan costos y retrasen la recuperaci\u00f3n de la poblaci\u00f3n mundial, para hacer frente a la pandemia de Covid-19, advirti\u00f3 la delegaci\u00f3n mexicana en la ONU, que encabeza el embajador Juan Ram\u00f3n de la Fuente.<br \/>La delegaci\u00f3n de M\u00e9xico envi\u00f3 el proyecto de resoluci\u00f3n a los otros 192 Estados Miembros de la ONU, con una nota en la que se se\u00f1ala que, en la reuni\u00f3n virtual del G20 celebrada la semana pasada, el presidente Andr\u00e9s Manuel L\u00f3pez Obrador plante\u00f3 la posibilidad de que Naciones Unidas asumiera un papel activo para garantizar el acceso a medicamentos y equipos m\u00e9dicos, a trav\u00e9s de una cooperaci\u00f3n efectiva y solidaria.<br \/>De acuerdo con la nota, el secretario general de la ONU, Ant\u00f3nio Guterres, dio a conocer un documento sobre la Responsabilidad Compartida y la Solidaridad Global para hacer frente a la pandemia de coronavirus.<span style=\"background-color: #ffffff;\"><br \/><\/span><\/p>\n","protected":false},"excerpt":{"rendered":"<p>El contraer deuda es lo correcto, para poder resistir el impacto de la recesi\u00f3n, escribi\u00f3 en Twitter<\/p>\n","protected":false},"author":3,"featured_media":0,"comment_status":"open","ping_status":"open","sticky":false,"template":"","format":"standard","meta":{"footnotes":""},"categories":[36],"tags":[],"class_list":["post-102180","post","type-post","status-publish","format-standard","hentry","category-nacion"],"_links":{"self":[{"href":"https:\/\/plazajuarez.mx\/historico\/wp-json\/wp\/v2\/posts\/102180","targetHints":{"allow":["GET"]}}],"collection":[{"href":"https:\/\/plazajuarez.mx\/historico\/wp-json\/wp\/v2\/posts"}],"about":[{"href":"https:\/\/plazajuarez.mx\/historico\/wp-json\/wp\/v2\/types\/post"}],"author":[{"embeddable":true,"href":"https:\/\/plazajuarez.mx\/historico\/wp-json\/wp\/v2\/users\/3"}],"replies":[{"embeddable":true,"href":"https:\/\/plazajuarez.mx\/historico\/wp-json\/wp\/v2\/comments?post=102180"}],"version-history":[{"count":0,"href":"https:\/\/plazajuarez.mx\/historico\/wp-json\/wp\/v2\/posts\/102180\/revisions"}],"wp:attachment":[{"href":"https:\/\/plazajuarez.mx\/historico\/wp-json\/wp\/v2\/media?parent=102180"}],"wp:term":[{"taxonomy":"category","embeddable":true,"href":"https:\/\/plazajuarez.mx\/historico\/wp-json\/wp\/v2\/categories?post=102180"},{"taxonomy":"post_tag","embeddable":true,"href":"https:\/\/plazajuarez.mx\/historico\/wp-json\/wp\/v2\/tags?post=102180"}],"curies":[{"name":"wp","href":"https:\/\/api.w.org\/{rel}","templated":true}]}}