{"id":102179,"date":"2020-04-04T05:43:48","date_gmt":"2020-04-04T05:43:48","guid":{"rendered":"http:\/\/plazajuarez.mx\/index\/index.php\/2020\/04\/04\/proponen-inyectar-76-mmdp-a-programas-sociales\/"},"modified":"2020-04-04T05:43:48","modified_gmt":"2020-04-04T05:43:48","slug":"proponen-inyectar-76-mmdp-a-programas-sociales","status":"publish","type":"post","link":"https:\/\/plazajuarez.mx\/historico\/proponen-inyectar-76-mmdp-a-programas-sociales\/","title":{"rendered":"Proponen inyectar 76 mmdp a programas sociales"},"content":{"rendered":"<p>La propuesta proviene de la UNICEF, y precisamente abona a los programas de AMLO de apoyar a los pobres<\/p>\n<p>  <!--more-->  <\/p>\n<p>El Fondo de las Naciones Unidas para la Infancia (Unicef) propuso al gobierno federal incrementar el presupuesto de cinco programas de bienestar en este 2020, con el objetivo de ayudar a m\u00e1s de 16 millones de familias que viven en pobreza y que han quedado en vilo en medio de la pandemia.<br \/>El organismo internacional propuso un aumento de entre 13 mil y 76 mil millones de pesos a los presupuestos de los programas sociales para apoyar fundamentalmente a quienes tienen hijos y viven del comercio informal.<br \/>Los programas que tendr\u00edan que aumentar su presupuesto son la Beca Bienestar para las Familias de Educaci\u00f3n B\u00e1sica; la Beca Benito Ju\u00e1rez para Educaci\u00f3n Media Superior; el Programa de Apoyo para el Bienestar de las Ni\u00f1as y Ni\u00f1os, Hijos de Madres Trabajadoras; la Pensi\u00f3n para Adultos Mayores, y Pensi\u00f3n para el Bienestar de las Personas con Discapacidad.<br \/>&#8220;Estos apoyos son muy importantes, pero no son suficientes para apoyar a las familias m\u00e1s vulnerables en momentos de crisis por la reducci\u00f3n de su ingreso familiar\u201d, asever\u00f3 Christian Skoog, representante de Unicef en M\u00e9xico.<span style=\"background-color: #ffffff;\"><br \/><\/span><\/p>\n","protected":false},"excerpt":{"rendered":"<p>La propuesta proviene de la UNICEF, y precisamente abona a los programas de AMLO de apoyar a los pobres<\/p>\n","protected":false},"author":3,"featured_media":0,"comment_status":"open","ping_status":"open","sticky":false,"template":"","format":"standard","meta":{"footnotes":""},"categories":[36],"tags":[],"class_list":["post-102179","post","type-post","status-publish","format-standard","hentry","category-nacion"],"_links":{"self":[{"href":"https:\/\/plazajuarez.mx\/historico\/wp-json\/wp\/v2\/posts\/102179","targetHints":{"allow":["GET"]}}],"collection":[{"href":"https:\/\/plazajuarez.mx\/historico\/wp-json\/wp\/v2\/posts"}],"about":[{"href":"https:\/\/plazajuarez.mx\/historico\/wp-json\/wp\/v2\/types\/post"}],"author":[{"embeddable":true,"href":"https:\/\/plazajuarez.mx\/historico\/wp-json\/wp\/v2\/users\/3"}],"replies":[{"embeddable":true,"href":"https:\/\/plazajuarez.mx\/historico\/wp-json\/wp\/v2\/comments?post=102179"}],"version-history":[{"count":0,"href":"https:\/\/plazajuarez.mx\/historico\/wp-json\/wp\/v2\/posts\/102179\/revisions"}],"wp:attachment":[{"href":"https:\/\/plazajuarez.mx\/historico\/wp-json\/wp\/v2\/media?parent=102179"}],"wp:term":[{"taxonomy":"category","embeddable":true,"href":"https:\/\/plazajuarez.mx\/historico\/wp-json\/wp\/v2\/categories?post=102179"},{"taxonomy":"post_tag","embeddable":true,"href":"https:\/\/plazajuarez.mx\/historico\/wp-json\/wp\/v2\/tags?post=102179"}],"curies":[{"name":"wp","href":"https:\/\/api.w.org\/{rel}","templated":true}]}}