{"id":102177,"date":"2020-04-04T05:26:21","date_gmt":"2020-04-04T05:26:21","guid":{"rendered":"http:\/\/plazajuarez.mx\/index\/index.php\/2020\/04\/04\/un-saludo-a-toda-madre-primero-la-de-el-chapo\/"},"modified":"2020-04-04T05:26:21","modified_gmt":"2020-04-04T05:26:21","slug":"un-saludo-a-toda-madre-primero-la-de-el-chapo","status":"publish","type":"post","link":"https:\/\/plazajuarez.mx\/historico\/un-saludo-a-toda-madre-primero-la-de-el-chapo\/","title":{"rendered":"Un saludo a toda madre, primero la de &#8220;El Chapo&#8221;"},"content":{"rendered":"<p style=\"font-weight: 400;\">Los conservadores adem\u00e1s de descorteses son inhumanos. S\u00ed, el hijo de do\u00f1a &#8220;Chelito&#8221; Loera, es el sanguinario capo del C\u00e1rtel del Pac\u00edfico, responsable de un n\u00famero incalculable de muertes; s\u00ed, el traficante acab\u00f3 con vidas de polic\u00edas y militares; s\u00ed, Joaqu\u00edn, o &#8220;El Chapo&#8221; (por chaparrito) inund\u00f3 de coca\u00edna y marihuana todo M\u00e9xico, parte de Estados Unidos y varias naciones de Europa\u2026<\/p>\n<p>  <!--more-->  <\/p>\n<p style=\"color: #333333; font-family: Tahoma,Helvetica,Arial,sans-serif; font-size: 12.13px; font-style: normal; font-variant: normal; font-weight: 400; letter-spacing: normal; orphans: 2; text-align: left; text-decoration: none; text-indent: 0px; text-transform: none; -webkit-text-stroke-width: 0px; white-space: normal; word-spacing: 0px;\">\u00a0<\/p>\n<p style=\"color: #333333; font-family: Tahoma,Helvetica,Arial,sans-serif; font-size: 12.13px; font-style: normal; font-variant: normal; font-weight: 400; letter-spacing: normal; orphans: 2; text-align: left; text-decoration: none; text-indent: 0px; text-transform: none; -webkit-text-stroke-width: 0px; white-space: normal; word-spacing: 0px;\">Por Arlequ\u00edn<\/p>\n<p style=\"color: #333333; font-family: Tahoma,Helvetica,Arial,sans-serif; font-size: 12.13px; font-style: normal; font-variant: normal; font-weight: 400; letter-spacing: normal; orphans: 2; text-align: left; text-decoration: none; text-indent: 0px; text-transform: none; -webkit-text-stroke-width: 0px; white-space: normal; word-spacing: 0px;\">(Analista serio de la pol\u00edtica c\u00f3mica)<\/p>\n<p style=\"color: #333333; font-family: Tahoma,Helvetica,Arial,sans-serif; font-size: 12.13px; font-style: normal; font-variant: normal; font-weight: 400; letter-spacing: normal; orphans: 2; text-align: left; text-decoration: none; text-indent: 0px; text-transform: none; -webkit-text-stroke-width: 0px; white-space: normal; word-spacing: 0px;\">AGENCIA EL UNIVERSAL<\/p>\n<p>S\u00ed, \u00e9l cre\u00f3 uno de los imperios criminales m\u00e1s grandes del planeta; s\u00ed, \u00e9l promovi\u00f3 un alt\u00edsimo nivel de corrupci\u00f3n que le permiti\u00f3 incluso fugarse en dos ocasiones de penales de m\u00e1xima seguridad; s\u00ed, fue denominado por Estados Unidos como el criminal m\u00e1s buscado, al nivel del extinto terrorista Osama Bin Laden; y s\u00ed, fue llamado el moderno Al Capone.<\/p>\n<p>Pero todo eso es cosa aparte\u2026 Piense usted, \u00bfpor qu\u00e9 todo lo anterior ser\u00eda impedimento para que el presidente de la Rep\u00fablica, el comandante supremo de las Fuerzas Armadas y l\u00edder m\u00e1ximo de la Cuarta Transformaci\u00f3n, le extienda su mano franca, y sin gel antibacterial, a la progenitora de este conspicuo hombre, que por a\u00f1os puso el nombre de M\u00e9xico en boca de todo el mundo?<\/p>\n<p>S\u00f3lo si usted es inhumano, poco cristiano, conservador, fif\u00ed, neoliberal, corrupto, camaj\u00e1n o neporfirista puede criticar el saludo entre dos respetables cabelleras blancas&#8230;<\/p>\n<p>El presidente Andr\u00e9s Manuel L\u00f3pez Obrador no solo es humano, es todo un caballero, pues se acerc\u00f3 hasta la flamante troca de do\u00f1a Chelito, le suplic\u00f3 que no se bajara y amablemente le dijo que hab\u00eda recibido su carta en la que le ped\u00eda interceder ante su amigo Donald Trump para que ella pudiera recibir una visa para lograr viajar a Estados Unidos y visitar a su rebelde, pero noble, muchacho. Usted podr\u00e1 decir lo que quiera, pero de esos caballeros ya no quedan muchos. \u00a1Tenga para que aprenda!<\/p>\n<p>Adem\u00e1s, piense usted en lo que significa que el presidente de la Rep\u00fablica viaje en plena pandemia al mism\u00edsimo Badiraguato, lejana y peligrosa poblaci\u00f3n de Sinaloa, en la que el \u00faltimo presidente de M\u00e9xico que pis\u00f3 su suelo fue, el nunca bien ponderado, Luis Echeverr\u00eda hace ya m\u00e1s de 50 a\u00f1os.<\/p>\n<p>Recuerde que Badiraguato es un municipio de ingreso a la zona serrana, en la que hist\u00f3ricamente se guarecen capos del narcotr\u00e1fico y, por lo tanto, es una poblaci\u00f3n en la que deambulan muchos halcones que se encargan de reportar qui\u00e9n entra y qui\u00e9n sale de la zona.<\/p>\n<p>As\u00ed que como se imaginar\u00e1, el pueblo natal de &#8220;El Chapo&#8221; no es un lugar al que los presidentes solieran asistir de visita muy seguido, aunque el presidente L\u00f3pez Obrador ha visitado este municipio, considerado por muchos como la cuna del narco, en dos ocasiones desde que inici\u00f3 su a\u00fan joven mandato.<\/p>\n<p>Do\u00f1a Consuelo no pod\u00eda dejar pasar la oportunidad de saludar de mano al hombre que le regres\u00f3 sin un rasgu\u00f1o a su nieto Ovidio Guzm\u00e1n, el hijo de su amado Chapo. As\u00ed es la gente del norte, franca y agradecida.<\/p>\n<p>\u00bfSe imagina usted la preocupaci\u00f3n de la abuela al ver que un comando de \u00e9lite de las Fuerzas Armadas ten\u00eda ya en su poder al condenado chamaco Ovidio? Y \u00bfse imagina tambi\u00e9n el alivio que sinti\u00f3 cuando los soldados, por \u00f3rdenes superiores, dejaron ir al plebe? Abrazos y no balazos es lo que la familia Guzm\u00e1n ha recibido del presidente\u2026<\/p>\n<p>Hubiera sido una mulada que do\u00f1a Chelito no se apersonara a saludar a AMLO ahora que estuvo por Badiraguato, y presentarle sus respetos al hombre que tanta tranquilidad ha dado a su familia y al pr\u00f3spero negocio que su hijo Joaqu\u00edn dej\u00f3 en manos de sus reto\u00f1os.<\/p>\n<p>Es de buena madre ser agradecida con quienes procuran y no andan persiguiendo a sus hijos y nietos y es de buenos hombres, de bien nacidos, saludar a toda madre, sin importar si sus chamacos son las personas m\u00e1s bondadosas, o los peores asesinos criminales. Para un humanista no hay excepciones, se debe saludar a toda madre.<\/p>\n<p>Como anillo al dedo<\/p>\n<p>Es normal que en estos duros d\u00edas usted sienta temor por su vida ante la pandemia que azota al mundo, pues las cifras son alarmantes; el virus ya ha infectado a un mill\u00f3n de personas y cobrado la vida de m\u00e1s de 52 mil.<\/p>\n<p>Tambi\u00e9n es normal que tema perder su empleo al ver venir una crisis econ\u00f3mica de proporciones catastr\u00f3ficas, pero es justo en estos momentos en los que las palabras de un l\u00edder logran infundir confianza. As\u00ed que aqu\u00ed le dejo algunas de las frases pronunciadas por el presidente de M\u00e9xico, y l\u00edder supremo de la Cuarta Transformaci\u00f3n, con la convicci\u00f3n de que usted es una persona inteligente, bien informada y con sentido com\u00fan que sabe que no hay margen de error, y que si \u00e9l lo promete, usted puede darlo por hecho.<\/p>\n<p>&#8220;El d\u00eda de hoy voy a hacer una reflexi\u00f3n breve para dar a conocer lo que est\u00e1 sucediendo en el pa\u00eds a partir de esta epidemia de coronavirus. Quiero, primero, darle confianza, seguridad al pueblo de M\u00e9xico de que se trata de una situaci\u00f3n pasajera, si quisi\u00e9ramos ser m\u00e1s profundos, dir\u00eda una crisis transitoria de salud p\u00fablica, incluir\u00eda tambi\u00e9n lo econ\u00f3mico. Crisis transitoria, esto significa que vamos a salir pronto, que no es una debacle&#8221;.<\/p>\n<p>-(Voz de periodista) &#8220;Preguntarle sobre esta cifra que da la Secretar\u00eda de Hacienda de que puede haber un decrecimiento de 3.9, -3.9 de la econom\u00eda, usted en otras ocasiones no ha coincidido con estos pron\u00f3sticos. \u00bfCu\u00e1l ser\u00eda su meta?<\/p>\n<p>&#8211; Que ahora tampoco coincido (Responde el presidente).<\/p>\n<p>-\u00bfLe preocupa a usted un escenario de desempleos masivos en M\u00e9xico?<\/p>\n<p>-No, no, porque vamos nosotros, precisamente, a dar \u00e9nfasis en el empleo. El domingo es salud, bienestar y empleo, o sea, es b\u00e1sico lo del empleo, pero van a ver cu\u00e1ntos empleos vamos a crear. Por eso digo que la recuperaci\u00f3n econ\u00f3mica se va a lograr pronto.<\/p>\n<p>Y si despu\u00e9s de escuchar estas respuestas usted a\u00fan sigue preocupado, lea para su tranquilidad lo dicho ayer mismo por el mandatario.<\/p>\n<p>&#8220;Yo tengo tranquila mi consciencia y s\u00e9 que vamos bien y eso es lo que quiero transmitirle al pueblo y les estoy transmitiendo al pueblo, vamos a salir adelante. Ayer us\u00e9 por primera vez el t\u00e9rmino crisis transitoria, esto no va a tardar y vamos a salir fortalecidos y vamos a salir fortalecidos porque no nos van a hacer cambiar en nuestro prop\u00f3sito de acabar con la corrupci\u00f3n y que haya justicia en el pa\u00eds. Por eso vamos a salir fortalecidos, o sea, que nos vino esto como anillo al dedo para afianzar el prop\u00f3sito de la transformaci\u00f3n&#8221;.<\/p>\n<p>\u00bfAhora si ya relajadito? Ojal\u00e1 estas palabras le hayan venido como anillo al dedo y le hayan hecho ver que no hay de qu\u00e9 preocuparse. \u00bfO s\u00ed?<\/p>\n<p>ME CANSO GANSO.- lo de m\u00e1s (+) es lo de menos (-)<\/p>\n<p>La buena noticia: El PIB de M\u00e9xico caminar\u00e1 a un ritmo de 4%, como lo prometi\u00f3 el presidente.<\/p>\n<p>La mala noticia: Se movi\u00f3 hac\u00eda atr\u00e1s, es decir se pronostica que llegue a -4 en 2020.<\/p>\n<p>La peor noticia: El presidente dijo que en la \u00faltima parte de su sexenio la econom\u00eda caminar\u00eda al 6% anual. \u00bfHacia atr\u00e1s o hacia adelante?, es pregunta de un Arlequ\u00edn desconfiado de los premios Nobel de Econom\u00eda.<\/p>\n<p>\u00a0<\/p>\n","protected":false},"excerpt":{"rendered":"<p>Los conservadores adem\u00e1s de descorteses son inhumanos. S\u00ed, el hijo de do\u00f1a &#8220;Chelito&#8221; Loera, es el sanguinario capo del C\u00e1rtel del Pac\u00edfico, responsable de un n\u00famero incalculable de muertes; s\u00ed, el traficante acab\u00f3 con vidas de polic\u00edas y militares; s\u00ed, Joaqu\u00edn, o &#8220;El Chapo&#8221; (por chaparrito) inund\u00f3 de coca\u00edna y marihuana todo M\u00e9xico, parte de [&hellip;]<\/p>\n","protected":false},"author":3,"featured_media":0,"comment_status":"open","ping_status":"open","sticky":false,"template":"","format":"standard","meta":{"footnotes":""},"categories":[42],"tags":[],"class_list":["post-102177","post","type-post","status-publish","format-standard","hentry","category-nuestrapalabra"],"_links":{"self":[{"href":"https:\/\/plazajuarez.mx\/historico\/wp-json\/wp\/v2\/posts\/102177","targetHints":{"allow":["GET"]}}],"collection":[{"href":"https:\/\/plazajuarez.mx\/historico\/wp-json\/wp\/v2\/posts"}],"about":[{"href":"https:\/\/plazajuarez.mx\/historico\/wp-json\/wp\/v2\/types\/post"}],"author":[{"embeddable":true,"href":"https:\/\/plazajuarez.mx\/historico\/wp-json\/wp\/v2\/users\/3"}],"replies":[{"embeddable":true,"href":"https:\/\/plazajuarez.mx\/historico\/wp-json\/wp\/v2\/comments?post=102177"}],"version-history":[{"count":0,"href":"https:\/\/plazajuarez.mx\/historico\/wp-json\/wp\/v2\/posts\/102177\/revisions"}],"wp:attachment":[{"href":"https:\/\/plazajuarez.mx\/historico\/wp-json\/wp\/v2\/media?parent=102177"}],"wp:term":[{"taxonomy":"category","embeddable":true,"href":"https:\/\/plazajuarez.mx\/historico\/wp-json\/wp\/v2\/categories?post=102177"},{"taxonomy":"post_tag","embeddable":true,"href":"https:\/\/plazajuarez.mx\/historico\/wp-json\/wp\/v2\/tags?post=102177"}],"curies":[{"name":"wp","href":"https:\/\/api.w.org\/{rel}","templated":true}]}}