{"id":101765,"date":"2020-03-28T13:33:06","date_gmt":"2020-03-28T13:33:06","guid":{"rendered":"http:\/\/plazajuarez.mx\/index\/index.php\/2020\/03\/28\/piden-a-amlo-cancelar-eventos-y-posponer-censo\/"},"modified":"2020-03-28T13:33:06","modified_gmt":"2020-03-28T13:33:06","slug":"piden-a-amlo-cancelar-eventos-y-posponer-censo","status":"publish","type":"post","link":"https:\/\/plazajuarez.mx\/historico\/piden-a-amlo-cancelar-eventos-y-posponer-censo\/","title":{"rendered":"Piden a AMLO cancelar eventos y posponer censo"},"content":{"rendered":"<p>Quien lo pide es el expresidente Felipe Calder\u00f3n; pide a AMLO que ya cancele sus eventos \u201cpor favor\u201d<\/p>\n<p>  <!--more-->  <\/p>\n<p>El expresidente Felipe Calder\u00f3n le pidi\u00f3 a AMLO que ya cancele sus eventos &#8220;por favor&#8221;, adem\u00e1s solicit\u00f3 posponer el Censo de Poblaci\u00f3n y Vivienda.<br \/>A trav\u00e9s de Twitter, Calder\u00f3n celebr\u00f3 que a AMLO, en su gira por Oaxaca, la gente no lo toque debido a que se instalaron vallas met\u00e1licas y se\u00f1al\u00f3 que era un avance. Pero cuestion\u00f3 los soldados que resguardan esas vallas, y pregunt\u00f3: \u00bfpara qu\u00e9 arriesgarlos?<br \/>&#8220;Toda la gente que quiere verlo y se aglutina, y todos los soldados que resguardan esas vallas&#8230; \u00bfpara qu\u00e9 arriesgarlos? Ya cancele sus\u00a0 eventos por favor&#8221;, poste\u00f3 Calder\u00f3n.<br \/>De manera paralela, Calder\u00f3n propuso posponer el censo por unos meses, pues esto no generar\u00eda ninguna complicaci\u00f3n presupuestal, pues los empleados son eventuales.<br \/>Esto, despu\u00e9s de que un encuestador del Inegi dio positivo a coronavirus y hay otros 25 que est\u00e1n en cuarentena<\/p>\n","protected":false},"excerpt":{"rendered":"<p>Quien lo pide es el expresidente Felipe Calder\u00f3n; pide a AMLO que ya cancele sus eventos \u201cpor favor\u201d<\/p>\n","protected":false},"author":3,"featured_media":0,"comment_status":"open","ping_status":"open","sticky":false,"template":"","format":"standard","meta":{"footnotes":""},"categories":[36],"tags":[],"class_list":["post-101765","post","type-post","status-publish","format-standard","hentry","category-nacion"],"_links":{"self":[{"href":"https:\/\/plazajuarez.mx\/historico\/wp-json\/wp\/v2\/posts\/101765","targetHints":{"allow":["GET"]}}],"collection":[{"href":"https:\/\/plazajuarez.mx\/historico\/wp-json\/wp\/v2\/posts"}],"about":[{"href":"https:\/\/plazajuarez.mx\/historico\/wp-json\/wp\/v2\/types\/post"}],"author":[{"embeddable":true,"href":"https:\/\/plazajuarez.mx\/historico\/wp-json\/wp\/v2\/users\/3"}],"replies":[{"embeddable":true,"href":"https:\/\/plazajuarez.mx\/historico\/wp-json\/wp\/v2\/comments?post=101765"}],"version-history":[{"count":0,"href":"https:\/\/plazajuarez.mx\/historico\/wp-json\/wp\/v2\/posts\/101765\/revisions"}],"wp:attachment":[{"href":"https:\/\/plazajuarez.mx\/historico\/wp-json\/wp\/v2\/media?parent=101765"}],"wp:term":[{"taxonomy":"category","embeddable":true,"href":"https:\/\/plazajuarez.mx\/historico\/wp-json\/wp\/v2\/categories?post=101765"},{"taxonomy":"post_tag","embeddable":true,"href":"https:\/\/plazajuarez.mx\/historico\/wp-json\/wp\/v2\/tags?post=101765"}],"curies":[{"name":"wp","href":"https:\/\/api.w.org\/{rel}","templated":true}]}}