{"id":101763,"date":"2020-03-28T13:24:26","date_gmt":"2020-03-28T13:24:26","guid":{"rendered":"http:\/\/plazajuarez.mx\/index\/index.php\/2020\/03\/28\/aprueba-ine-realizar-sesiones-virtuales\/"},"modified":"2020-03-28T13:24:26","modified_gmt":"2020-03-28T13:24:26","slug":"aprueba-ine-realizar-sesiones-virtuales","status":"publish","type":"post","link":"https:\/\/plazajuarez.mx\/historico\/aprueba-ine-realizar-sesiones-virtuales\/","title":{"rendered":"Aprueba INE realizar sesiones virtuales"},"content":{"rendered":"<p>El jueves, el subsecretario Hugo L\u00f3pez-Gatell inform\u00f3 que todo el gobierno federal suspend\u00eda actividades no esenciales<\/p>\n<p>  <!--more-->  <\/p>\n<p>El Consejo General del Instituto Nacional Electoral aprob\u00f3 la celebraci\u00f3n de sesiones ordinarias o extraordinarias de forma virtual, en el marco de las medidas sanitarias implementadas en M\u00e9xico para evitar la propagaci\u00f3n del COVID-19.<br \/>AUMENTAN MEDIDAS SANITARIAS PARA INGRESAR A MA\u00d1ANERA <br \/>Reporteros, camar\u00f3grafos y fot\u00f3grafos fueron revisados por el personal m\u00e9dico militar sin que hasta el momento se le haya impedido el ingreso a alguno. <br \/>El personal m\u00e9dico militar toma la temperatura a los reporteros que ingresan a la conferencia de prensa ma\u00f1anera del presidente Andr\u00e9s Manuel L\u00f3pez Obrador y entregan un cubrebocas para quien lo requiera, por la contingencia de coronavirus o Covid-19. <br \/>Adem\u00e1s se tomaron medidas de \u201csana distancia\u201d como la separaci\u00f3n de sillas; no permitir el ingreso de m\u00e1s de 100 personas al Sal\u00f3n Tesorer\u00eda en Palacio Nacional y el uso de gel antibacterial. <br \/>Ayer se sumaron estas nuevas medidas sanitarias. As\u00ed, reporteros, camar\u00f3grafos y fot\u00f3grafos fueron revisados por el personal m\u00e9dico militar sin que hasta el momento se le haya impedido el ingreso a ning\u00fan representante de los medios de comunicaci\u00f3n<\/p>\n","protected":false},"excerpt":{"rendered":"<p>El jueves, el subsecretario Hugo L\u00f3pez-Gatell inform\u00f3 que todo el gobierno federal suspend\u00eda actividades no esenciales<\/p>\n","protected":false},"author":3,"featured_media":0,"comment_status":"open","ping_status":"open","sticky":false,"template":"","format":"standard","meta":{"footnotes":""},"categories":[36],"tags":[],"class_list":["post-101763","post","type-post","status-publish","format-standard","hentry","category-nacion"],"_links":{"self":[{"href":"https:\/\/plazajuarez.mx\/historico\/wp-json\/wp\/v2\/posts\/101763","targetHints":{"allow":["GET"]}}],"collection":[{"href":"https:\/\/plazajuarez.mx\/historico\/wp-json\/wp\/v2\/posts"}],"about":[{"href":"https:\/\/plazajuarez.mx\/historico\/wp-json\/wp\/v2\/types\/post"}],"author":[{"embeddable":true,"href":"https:\/\/plazajuarez.mx\/historico\/wp-json\/wp\/v2\/users\/3"}],"replies":[{"embeddable":true,"href":"https:\/\/plazajuarez.mx\/historico\/wp-json\/wp\/v2\/comments?post=101763"}],"version-history":[{"count":0,"href":"https:\/\/plazajuarez.mx\/historico\/wp-json\/wp\/v2\/posts\/101763\/revisions"}],"wp:attachment":[{"href":"https:\/\/plazajuarez.mx\/historico\/wp-json\/wp\/v2\/media?parent=101763"}],"wp:term":[{"taxonomy":"category","embeddable":true,"href":"https:\/\/plazajuarez.mx\/historico\/wp-json\/wp\/v2\/categories?post=101763"},{"taxonomy":"post_tag","embeddable":true,"href":"https:\/\/plazajuarez.mx\/historico\/wp-json\/wp\/v2\/tags?post=101763"}],"curies":[{"name":"wp","href":"https:\/\/api.w.org\/{rel}","templated":true}]}}