{"id":10165,"date":"2015-08-31T14:37:36","date_gmt":"2015-08-31T14:37:36","guid":{"rendered":"http:\/\/plazajuarez.mx\/index\/index.php\/2015\/08\/31\/llegan-los-zombis-a-la-capital\/"},"modified":"2015-08-31T14:37:36","modified_gmt":"2015-08-31T14:37:36","slug":"llegan-los-zombis-a-la-capital","status":"publish","type":"post","link":"https:\/\/plazajuarez.mx\/historico\/llegan-los-zombis-a-la-capital\/","title":{"rendered":"LLEGAN LOS ZOMBIS A LA CAPITAL"},"content":{"rendered":"<p>Presentan antolog\u00eda de cuentos mexicanos sobre la tem\u00e1tica de los muertos vivientes; en marco de la FUL, Raquel Castro present\u00f3 la obra que re\u00fane a 18 escritores del pa\u00eds; no descarta posibilidad de trabajar con escritores hidalguenses<\/p>\n<p>  <!--more-->  <\/p>\n<p>\u00a0<\/p>\n<p>Y las letras escapan entre laberintos del pensamiento. Se convierten \u00a0en palabras que describen fluidos corporales, horror, miedo, gracia, humor negro, e incluso cr\u00edtica social de la actualidad de M\u00e9xico convertida en fantas\u00eda en algunos textos y en una mezcla extra\u00f1a entre la vida real y la rareza y asombro que causa en muchos el tema de los muertos vivientes, los Zombis. Son \u00a018 mundos reunidos en la obra literaria \u201cFest\u00edn de Muertos\u201d, antolog\u00eda de relatos mexicanos que logr\u00f3 compilar Raquel Castro y Rafael Villegas.<\/p>\n<p>\u00a0<\/p>\n<p>Hablar de relatos Zombis hechos por mexicanos parec\u00eda una fantas\u00eda en s\u00ed, salir del clich\u00e9 y afrontar el reto para escapara \u00a0a infinidad de realidades que ha mostrado el mundo desde su peculiar cultura, fue el tema que abordaron valientemente 18 escritores que convirtieron el tema de los zombis en un caminar mano a mano con la cotidianidad, realidad y fantas\u00eda de su entorno.<\/p>\n<p> \u00a0Tras cinco a\u00f1os de espera, \u00a0fue hasta febrero de este a\u00f1o cuando lograron tener la primer edici\u00f3n del libro editado por OCEANO, \u201cFest\u00edn de Muertos, Antolog\u00eda de Relatos Mexicanos de Zombis\u201d, as\u00ed lo da a conocer Raquel Castro la escritora oriunda del Distrito Federal, qui\u00e9n acudi\u00f3 en compa\u00f1\u00eda de Alberto Chimal, Karen Chacek, y \u00a0Arturo Vallejo para presentar su trabajo en el marco de la Feria Universitaria del Libro (FUL).<\/p>\n<p>\u00a0<\/p>\n<p>\u201cHemos tenido gran \u00e9xito con el p\u00fablico joven, sin embargo los adultos tambi\u00e9n nos leen, las historias son muy variadas, \u00a0cuentos que tratan el tema en M\u00e9xico con seriedad, y con panoramas de historieta, de vida com\u00fan, de narcotr\u00e1fico incluso hasta de crimen organizado\u201d explic\u00f3 la compiladora.<\/p>\n<p>\u00a0<\/p>\n<p>Y agreg\u00f3 \u201cla variedad no s\u00f3lo tem\u00e1tica sino del origen de los autores, varios son de otros estados de la rep\u00fablica, participaron hombres y mujeres, quisimos hacer esta antolog\u00eda muy incluyente\u201d, explic\u00f3 Raquel Castro.<\/p>\n<p>\u00a0<\/p>\n<p>Finalmente tras ser cuestionada sobre proyectos a futuro, no descart\u00f3\u00a0 la posibilidad y manifest\u00f3 su deseo de lograr una antolog\u00eda que re\u00fana cuentos de al menos un escritor de cada estado de la rep\u00fablica, por lo que en o que respecta a Hidalgo dijo de entrada \u201cyo invitar\u00eda a Yuri Herrera y a Karla Olvera, entre muchos, hay talento en Hidalgo y esperamos pronto tener trabajo en conjunto\u201d dijo.<\/p>\n<p>\u00a0<\/p>\n<p>\u201cUn cuento debe de ser breve algunos tratan de encajar como cuento la novela corta. Un cuento debe apelar a la imaginaci\u00f3n del lector, la historia es la semilla para detonar la imaginaci\u00f3n, el cuento mexicano est\u00e1 m\u00e1s vivo que nunca, hay mucho material y habemos muchos escritores que trabajamos cada d\u00eda en obtener resultados como el de ahora, una publicaci\u00f3n de M\u00e9xico para el mundo\u201d, concluy\u00f3.<\/p>\n","protected":false},"excerpt":{"rendered":"<p>Presentan antolog\u00eda de cuentos mexicanos sobre la tem\u00e1tica de los muertos vivientes; en marco de la FUL, Raquel Castro present\u00f3 la obra que re\u00fane a 18 escritores del pa\u00eds; no descarta posibilidad de trabajar con escritores hidalguenses<\/p>\n","protected":false},"author":93,"featured_media":0,"comment_status":"open","ping_status":"open","sticky":false,"template":"","format":"standard","meta":{"footnotes":""},"categories":[41],"tags":[],"class_list":["post-10165","post","type-post","status-publish","format-standard","hentry","category-arteria-cultural"],"_links":{"self":[{"href":"https:\/\/plazajuarez.mx\/historico\/wp-json\/wp\/v2\/posts\/10165","targetHints":{"allow":["GET"]}}],"collection":[{"href":"https:\/\/plazajuarez.mx\/historico\/wp-json\/wp\/v2\/posts"}],"about":[{"href":"https:\/\/plazajuarez.mx\/historico\/wp-json\/wp\/v2\/types\/post"}],"author":[{"embeddable":true,"href":"https:\/\/plazajuarez.mx\/historico\/wp-json\/wp\/v2\/users\/93"}],"replies":[{"embeddable":true,"href":"https:\/\/plazajuarez.mx\/historico\/wp-json\/wp\/v2\/comments?post=10165"}],"version-history":[{"count":0,"href":"https:\/\/plazajuarez.mx\/historico\/wp-json\/wp\/v2\/posts\/10165\/revisions"}],"wp:attachment":[{"href":"https:\/\/plazajuarez.mx\/historico\/wp-json\/wp\/v2\/media?parent=10165"}],"wp:term":[{"taxonomy":"category","embeddable":true,"href":"https:\/\/plazajuarez.mx\/historico\/wp-json\/wp\/v2\/categories?post=10165"},{"taxonomy":"post_tag","embeddable":true,"href":"https:\/\/plazajuarez.mx\/historico\/wp-json\/wp\/v2\/tags?post=10165"}],"curies":[{"name":"wp","href":"https:\/\/api.w.org\/{rel}","templated":true}]}}