{"id":10163,"date":"2015-08-31T14:37:02","date_gmt":"2015-08-31T14:37:02","guid":{"rendered":"http:\/\/plazajuarez.mx\/index\/index.php\/2015\/08\/31\/muere-oliver-sacks\/"},"modified":"2015-08-31T14:37:02","modified_gmt":"2015-08-31T14:37:02","slug":"muere-oliver-sacks","status":"publish","type":"post","link":"https:\/\/plazajuarez.mx\/historico\/muere-oliver-sacks\/","title":{"rendered":"Muere Oliver Sacks"},"content":{"rendered":"<p>NEUR\u00d3LOGO Y ESCRITOR\u00a0 <\/p>\n<p><a href=\"http:\/\/elpais.com\/tag\/oliver_sacks\/a\/\">Oliver Sacks<\/a>\u00a0se enfrent\u00f3 en los \u00faltimos meses a la tarea m\u00e1s dif\u00edcil con la que pueda lidiar cualquier pensador, sobre todo alguien que dedic\u00f3 toda su obra a tratar de entender el funcionamiento de la mente humana: explicar su propia muerte<\/p>\n<p>  <!--more-->  <\/p>\n<p>\u00a0<\/p>\n<p>El neur\u00f3logo\u00a0<a href=\"http:\/\/elpais.com\/tag\/oliver_sacks\/a\/\">Oliver Sacks<\/a>\u00a0se enfrent\u00f3 en los \u00faltimos meses a la tarea m\u00e1s dif\u00edcil con la que pueda lidiar cualquier pensador, sobre todo alguien que dedic\u00f3 toda su obra a tratar de entender el funcionamiento de la mente humana: explicar su propia muerte. En febrero, Sacks anunci\u00f3 en\u00a0<a href=\"http:\/\/elpais.com\/elpais\/2015\/02\/20\/opinion\/1424439216_556730.html\">un art\u00edculo que padec\u00eda c\u00e1ncer de h\u00edgado terminal<\/a>\u00a0y este domingo ha fallecido en Nueva York a los 82 a\u00f1os. Le ha dado tiempo a publicar sus memorias,\u00a0<a href=\"http:\/\/cultura.elpais.com\/cultura\/2015\/05\/20\/actualidad\/1432136914_270335.html\"><em>On the move<\/em><\/a>, que editar\u00e1 Anagrama en castellano en breve, y a escribir unos pocos textos en la prensa en los que, con su caracter\u00edstica mezcla de humor y lucidez, exploraba las certezas de la vida cuando ya sab\u00eda que le quedaba poco tiempo aqu\u00ed abajo. Una frase de aquel primer texto inolvidable, titulado\u00a0<em>De mi propia vida<\/em>,\u00a0<a href=\"http:\/\/elpais.com\/elpais\/2015\/02\/20\/opinion\/1424439216_556730.html\">que public\u00f3\u00a0<em>The New York Times<\/em>\u00a0en medio de una conmoci\u00f3n global<\/a>, resume sus reflexiones: &#8220;Por encima de todo, he sido un ser con sentidos, un animal pensante, en este maravilloso planeta y esto, en s\u00ed, ha sido un enorme privilegio y una aventura&#8221;.<\/p>\n<p><a href=\"http:\/\/www.oliversacks.com\/\">Sacks<\/a>, que naci\u00f3 en Londres en 1933 aunque desarroll\u00f3 gran parte de su vida profesional en Estados Unidos, deja atr\u00e1s un pu\u00f1ado de libros inolvidables como\u00a0<em>El hombre que confundi\u00f3 a su mujer con un sombrero, Veo una voz (Viaje al mundo de los sordos), Un antrop\u00f3logo en Marte, Con una sola pierna<\/em>\u00a0o\u00a0<em>Alucinaciones<\/em>\u00a0(su \u00faltimo t\u00edtulo en castellano) y, sobre todo, a muchos pacientes cuya vida es mucho mejor despu\u00e9s de haber pasado por sus manos. El fallecido\u00a0<a href=\"http:\/\/elpais.com\/tag\/robin_williams\/a\/\">Robin Williams<\/a>, un actor cuya mente genial y fr\u00e1gil podr\u00eda haberle convertido en uno de sus personajes, le interpret\u00f3 en el cine en el filme de Penny Marshall<em>Despertares<\/em>\u00a0que obtuvo tres candidaturas al Oscar en 1990.<\/p>\n<p>En sus ensayos, publicados en castellano por\u00a0<a href=\"http:\/\/www.anagrama-ed.es\/autor\/942\">Anagrama<\/a>\u00a0aunque el primer editor que lo lanz\u00f3 en el mundo hispano fue\u00a0<a href=\"http:\/\/www.mariomuchnik.com\/\">Mario Muchnik<\/a>, Sacks pretende explicar qu\u00e9 nos convierte en seres humanos, el extra\u00f1o viaje entre la mente y algo que podr\u00edamos llamar alma, nosotros, cada ser individual. \u00bfC\u00f3mo funciona la memoria? \u00bfPor qu\u00e9 y c\u00f3mo vemos, ven los ojos o ve el cerebro? \u00bfQu\u00e9 significa poder o\u00edr, escuchar lo que nos rodea? \u00bfQu\u00e9 son el amor y el deseo sexual? \u00bfQu\u00e9 dicen de nosotros las alucinaciones? \u00bfHasta qu\u00e9 punto un autista est\u00e1 aislado del mundo en el que vive? \u00bfNos define una enfermedad que padecemos?<\/p>\n","protected":false},"excerpt":{"rendered":"<p>NEUR\u00d3LOGO Y ESCRITOR\u00a0 Oliver Sacks\u00a0se enfrent\u00f3 en los \u00faltimos meses a la tarea m\u00e1s dif\u00edcil con la que pueda lidiar cualquier pensador, sobre todo alguien que dedic\u00f3 toda su obra a tratar de entender el funcionamiento de la mente humana: explicar su propia muerte<\/p>\n","protected":false},"author":93,"featured_media":0,"comment_status":"open","ping_status":"open","sticky":false,"template":"","format":"standard","meta":{"footnotes":""},"categories":[41],"tags":[],"class_list":["post-10163","post","type-post","status-publish","format-standard","hentry","category-arteria-cultural"],"_links":{"self":[{"href":"https:\/\/plazajuarez.mx\/historico\/wp-json\/wp\/v2\/posts\/10163","targetHints":{"allow":["GET"]}}],"collection":[{"href":"https:\/\/plazajuarez.mx\/historico\/wp-json\/wp\/v2\/posts"}],"about":[{"href":"https:\/\/plazajuarez.mx\/historico\/wp-json\/wp\/v2\/types\/post"}],"author":[{"embeddable":true,"href":"https:\/\/plazajuarez.mx\/historico\/wp-json\/wp\/v2\/users\/93"}],"replies":[{"embeddable":true,"href":"https:\/\/plazajuarez.mx\/historico\/wp-json\/wp\/v2\/comments?post=10163"}],"version-history":[{"count":0,"href":"https:\/\/plazajuarez.mx\/historico\/wp-json\/wp\/v2\/posts\/10163\/revisions"}],"wp:attachment":[{"href":"https:\/\/plazajuarez.mx\/historico\/wp-json\/wp\/v2\/media?parent=10163"}],"wp:term":[{"taxonomy":"category","embeddable":true,"href":"https:\/\/plazajuarez.mx\/historico\/wp-json\/wp\/v2\/categories?post=10163"},{"taxonomy":"post_tag","embeddable":true,"href":"https:\/\/plazajuarez.mx\/historico\/wp-json\/wp\/v2\/tags?post=10163"}],"curies":[{"name":"wp","href":"https:\/\/api.w.org\/{rel}","templated":true}]}}