{"id":10161,"date":"2015-08-31T14:34:51","date_gmt":"2015-08-31T14:34:51","guid":{"rendered":"http:\/\/plazajuarez.mx\/index\/index.php\/2015\/08\/31\/belinda-se-queda-sin-disquera-continuara-independiente\/"},"modified":"2015-08-31T14:34:51","modified_gmt":"2015-08-31T14:34:51","slug":"belinda-se-queda-sin-disquera-continuara-independiente","status":"publish","type":"post","link":"https:\/\/plazajuarez.mx\/historico\/belinda-se-queda-sin-disquera-continuara-independiente\/","title":{"rendered":"Belinda se queda sin disquera; continuar\u00e1 independiente"},"content":{"rendered":"<p>Luego de grabar cuatro discos, la cantante Belinda obtuvo su carta de retiro de la disquera Universal Music, raz\u00f3n por la que continuar\u00e1 con su carrera de manera independiente.<\/p>\n<p>  <!--more-->  <\/p>\n<p>\u201cSoy libre y me hace muy feliz la idea de hacer todo por mi cuenta. Estoy consciente de que ser\u00e1 el doble de trabajo, pero me gustan los retos y puedo lograrlo\u201d, declar\u00f3. <br \/>\u201cVoy a hacer todo independiente y me rodear\u00e9 del mejor equipo para que funcione. Ya no tengo la presi\u00f3n de un tema, de una fecha de estreno. Lo har\u00e9 como creo y a mis tiempos\u201d, a\u00f1adi\u00f3 la int\u00e9rprete durante la presentaci\u00f3n a medios de \u201cLa Chismosa Polanco\u201d, el cantabar que abri\u00f3 en asociaci\u00f3n con su hermano \u201cNachito\u201d. <br \/>Al respecto de las demandas que enfrenta con ex empleados, Belinda dijo: \u201cYo voy s\u00faper bien, ganando, como siempre (&#8230;) La envidia es lo peor que existe en el mundo y no se la deseo a nadie\u201d. <\/p>\n","protected":false},"excerpt":{"rendered":"<p>Luego de grabar cuatro discos, la cantante Belinda obtuvo su carta de retiro de la disquera Universal Music, raz\u00f3n por la que continuar\u00e1 con su carrera de manera independiente.<\/p>\n","protected":false},"author":93,"featured_media":0,"comment_status":"open","ping_status":"open","sticky":false,"template":"","format":"standard","meta":{"footnotes":""},"categories":[38],"tags":[],"class_list":["post-10161","post","type-post","status-publish","format-standard","hentry","category-show"],"_links":{"self":[{"href":"https:\/\/plazajuarez.mx\/historico\/wp-json\/wp\/v2\/posts\/10161","targetHints":{"allow":["GET"]}}],"collection":[{"href":"https:\/\/plazajuarez.mx\/historico\/wp-json\/wp\/v2\/posts"}],"about":[{"href":"https:\/\/plazajuarez.mx\/historico\/wp-json\/wp\/v2\/types\/post"}],"author":[{"embeddable":true,"href":"https:\/\/plazajuarez.mx\/historico\/wp-json\/wp\/v2\/users\/93"}],"replies":[{"embeddable":true,"href":"https:\/\/plazajuarez.mx\/historico\/wp-json\/wp\/v2\/comments?post=10161"}],"version-history":[{"count":0,"href":"https:\/\/plazajuarez.mx\/historico\/wp-json\/wp\/v2\/posts\/10161\/revisions"}],"wp:attachment":[{"href":"https:\/\/plazajuarez.mx\/historico\/wp-json\/wp\/v2\/media?parent=10161"}],"wp:term":[{"taxonomy":"category","embeddable":true,"href":"https:\/\/plazajuarez.mx\/historico\/wp-json\/wp\/v2\/categories?post=10161"},{"taxonomy":"post_tag","embeddable":true,"href":"https:\/\/plazajuarez.mx\/historico\/wp-json\/wp\/v2\/tags?post=10161"}],"curies":[{"name":"wp","href":"https:\/\/api.w.org\/{rel}","templated":true}]}}