{"id":10159,"date":"2015-08-31T14:34:11","date_gmt":"2015-08-31T14:34:11","guid":{"rendered":"http:\/\/plazajuarez.mx\/index\/index.php\/2015\/08\/31\/cannavino-presenta-album-mexico-de-mis-cantares\/"},"modified":"2015-08-31T14:34:11","modified_gmt":"2015-08-31T14:34:11","slug":"cannavino-presenta-album-mexico-de-mis-cantares","status":"publish","type":"post","link":"https:\/\/plazajuarez.mx\/historico\/cannavino-presenta-album-mexico-de-mis-cantares\/","title":{"rendered":"CANNAVINO PRESENTA \u00c1LBUM \u201cM\u00c9XICO DE MIS CANTARES\u201d"},"content":{"rendered":"<p>\u201cSin querer sonar soberbia, creo que los j\u00f3venes, la nuevas generaciones necesitan de este tipo de canciones\u201d, coment\u00f3 la int\u00e9rprete de \u201cPacha Madre\u201d<\/p>\n<p>  <!--more-->  <\/p>\n<p>Para Carmina Cannavino no hay nada m\u00e1s satisfactorio que vivir el M\u00e9xico de a pie y de ah\u00ed enriquecer sus composiciones. <br \/>La cantautora, llamada \u201cLa Alondra del Sur\u201d, present\u00f3 su disco \u201cM\u00e9xico de mis cantares\u201d, con el que quiere llegar a muchas m\u00e1s personas luego de firmar con una disquera trasnacional como es Sony Music. <br \/>\u201cSin querer sonar soberbia, creo que los j\u00f3venes, la nuevas generaciones necesitan de este tipo de canciones\u201d, coment\u00f3 la int\u00e9rprete de \u201cPacha Madre\u201d, tema que compuso hace cinco a\u00f1os en un viaje hacia Oaxaca y que siempre imagin\u00f3 en voz de Lila Downs, con quien la interpreta a dueto en el disco. <br \/>\u201cA Lila la conozca desde antes de fuera la Lila Downs de hoy. <br \/>\u201cMe da mucho gusto que una cantora de mi nicho est\u00e9 ocupando las listas de popularidad, viajando por todo el mundo y dando una imagen tan maravillosa de M\u00e9xico. Fue maravilloso que ella aceptara esta convocatoria\u201d, dijo Cannavino. <\/p>\n","protected":false},"excerpt":{"rendered":"<p>\u201cSin querer sonar soberbia, creo que los j\u00f3venes, la nuevas generaciones necesitan de este tipo de canciones\u201d, coment\u00f3 la int\u00e9rprete de \u201cPacha Madre\u201d<\/p>\n","protected":false},"author":93,"featured_media":0,"comment_status":"open","ping_status":"open","sticky":false,"template":"","format":"standard","meta":{"footnotes":""},"categories":[38],"tags":[],"class_list":["post-10159","post","type-post","status-publish","format-standard","hentry","category-show"],"_links":{"self":[{"href":"https:\/\/plazajuarez.mx\/historico\/wp-json\/wp\/v2\/posts\/10159","targetHints":{"allow":["GET"]}}],"collection":[{"href":"https:\/\/plazajuarez.mx\/historico\/wp-json\/wp\/v2\/posts"}],"about":[{"href":"https:\/\/plazajuarez.mx\/historico\/wp-json\/wp\/v2\/types\/post"}],"author":[{"embeddable":true,"href":"https:\/\/plazajuarez.mx\/historico\/wp-json\/wp\/v2\/users\/93"}],"replies":[{"embeddable":true,"href":"https:\/\/plazajuarez.mx\/historico\/wp-json\/wp\/v2\/comments?post=10159"}],"version-history":[{"count":0,"href":"https:\/\/plazajuarez.mx\/historico\/wp-json\/wp\/v2\/posts\/10159\/revisions"}],"wp:attachment":[{"href":"https:\/\/plazajuarez.mx\/historico\/wp-json\/wp\/v2\/media?parent=10159"}],"wp:term":[{"taxonomy":"category","embeddable":true,"href":"https:\/\/plazajuarez.mx\/historico\/wp-json\/wp\/v2\/categories?post=10159"},{"taxonomy":"post_tag","embeddable":true,"href":"https:\/\/plazajuarez.mx\/historico\/wp-json\/wp\/v2\/tags?post=10159"}],"curies":[{"name":"wp","href":"https:\/\/api.w.org\/{rel}","templated":true}]}}