{"id":10158,"date":"2015-08-31T14:33:54","date_gmt":"2015-08-31T14:33:54","guid":{"rendered":"http:\/\/plazajuarez.mx\/index\/index.php\/2015\/08\/31\/claudia-lizaldi-mama-100-natural\/"},"modified":"2015-08-31T14:33:54","modified_gmt":"2015-08-31T14:33:54","slug":"claudia-lizaldi-mama-100-natural","status":"publish","type":"post","link":"https:\/\/plazajuarez.mx\/historico\/claudia-lizaldi-mama-100-natural\/","title":{"rendered":"Claudia Lizaldi, mam\u00e1 100% natural"},"content":{"rendered":"<p>MALOS ENTENDIDOS\u00a0\u00a0 <br \/>HACE UNOS MESES, se dijo que la actriz opt\u00f3 por no vacunar a sus hijos; sin embargo, aclara que sus v\u00e1stagos tienen todas las vacunas necesarias de acuerdo con su edad<\/p>\n<p>  <!--more-->  <\/p>\n<p>Desde su primer embarazo, Claudia Lizaldi ha tomado decisiones con las que no toda la gente ha estado de acuerdo y hasta ha provocado que se malentienda lo que ha hecho. <br \/>Uno de ellos fue cuando revel\u00f3 que sigui\u00f3 los pasos de actrices como January Jones y Alicia Silverstone al tomarse la placenta de sus dos embarazos, la cual fue encapsulada, tras pasar por un proceso de laboratorio en el que la secan, la guardan y la envasan. <br \/>\u201cUno siempre se tiene que informar para saber qu\u00e9 es lo mejor para los hijos. He sido criticada por la forma en que decid\u00ed criar a mis hijos, hasta me convert\u00ed en \u2018trending topic\u2019, lo cierto es que ahora que mi hija (la segunda de dos) naci\u00f3, la gente nos ve y me pregunta que c\u00f3mo es que lucimos tan saludables. Hay muchos que dicen que lo que hago es extremo o no funciona, que s\u00f3lo es un placebo, no me importa porque me ha funcionado y nunca le he dicho a la gente que haga lo que yo he hecho\u201d, se\u00f1al\u00f3 Lizaldi. <br \/>Seg\u00fan Claudia, ingerir la placenta ayuda a prevenir la depresi\u00f3n postparto, reduce el dolor y la hemorragia despu\u00e9s de parir, adem\u00e1s aumenta la producci\u00f3n de leche materna y mejora la vinculaci\u00f3n madre-hijo. <br \/>-S\u00f3lo algunas vacunas. <br \/>Hace 35 a\u00f1os la Organizaci\u00f3n Mundial de la Salud (OMS) estableci\u00f3 el Programa Ampliado de Inmunizaci\u00f3n (PAI), con el cual se buscaba exterminar enfermedades como la viruela, el sarampi\u00f3n, la poliomielitis y la tuberculosis, se\u00f1alando que la vacunaci\u00f3n es una de las acciones de mayor costo-efectividad, costo-beneficio y de mayor aceptaci\u00f3n en Occidente. <\/p>\n<p>\u201cNO S\u00c9 DE D\u00d3NDE SACARON QUE NO VACUN\u00c9 A MIS HIJOS, PERO NO ES CIERTO, MIS HIJOS TIENEN LAS VACUNAS QUE NOSOTROS, JUNTO CON SU PEDIATRA, HEMOS DECIDIDO QUE SON LAS MEJORES PARA ELLOS; SIEMPRE ESTAREMOS A FAVOR DE TODO LO QUE EST\u00c9 EN PRO DE LA SALUD\u201d<\/p>\n","protected":false},"excerpt":{"rendered":"<p>MALOS ENTENDIDOS\u00a0\u00a0 HACE UNOS MESES, se dijo que la actriz opt\u00f3 por no vacunar a sus hijos; sin embargo, aclara que sus v\u00e1stagos tienen todas las vacunas necesarias de acuerdo con su edad<\/p>\n","protected":false},"author":93,"featured_media":0,"comment_status":"open","ping_status":"open","sticky":false,"template":"","format":"standard","meta":{"footnotes":""},"categories":[38],"tags":[],"class_list":["post-10158","post","type-post","status-publish","format-standard","hentry","category-show"],"_links":{"self":[{"href":"https:\/\/plazajuarez.mx\/historico\/wp-json\/wp\/v2\/posts\/10158","targetHints":{"allow":["GET"]}}],"collection":[{"href":"https:\/\/plazajuarez.mx\/historico\/wp-json\/wp\/v2\/posts"}],"about":[{"href":"https:\/\/plazajuarez.mx\/historico\/wp-json\/wp\/v2\/types\/post"}],"author":[{"embeddable":true,"href":"https:\/\/plazajuarez.mx\/historico\/wp-json\/wp\/v2\/users\/93"}],"replies":[{"embeddable":true,"href":"https:\/\/plazajuarez.mx\/historico\/wp-json\/wp\/v2\/comments?post=10158"}],"version-history":[{"count":0,"href":"https:\/\/plazajuarez.mx\/historico\/wp-json\/wp\/v2\/posts\/10158\/revisions"}],"wp:attachment":[{"href":"https:\/\/plazajuarez.mx\/historico\/wp-json\/wp\/v2\/media?parent=10158"}],"wp:term":[{"taxonomy":"category","embeddable":true,"href":"https:\/\/plazajuarez.mx\/historico\/wp-json\/wp\/v2\/categories?post=10158"},{"taxonomy":"post_tag","embeddable":true,"href":"https:\/\/plazajuarez.mx\/historico\/wp-json\/wp\/v2\/tags?post=10158"}],"curies":[{"name":"wp","href":"https:\/\/api.w.org\/{rel}","templated":true}]}}