{"id":101114,"date":"2020-03-16T22:06:08","date_gmt":"2020-03-16T22:06:08","guid":{"rendered":"http:\/\/plazajuarez.mx\/index\/index.php\/2020\/03\/16\/octava-muerte-por-medicina-contaminada-en-hospital-de-pemex\/"},"modified":"2020-03-16T22:06:08","modified_gmt":"2020-03-16T22:06:08","slug":"octava-muerte-por-medicina-contaminada-en-hospital-de-pemex","status":"publish","type":"post","link":"https:\/\/plazajuarez.mx\/historico\/octava-muerte-por-medicina-contaminada-en-hospital-de-pemex\/","title":{"rendered":"Octava muerte por medicina contaminada en hospital de Pemex"},"content":{"rendered":"<p>Es la octava v\u00edctima en el Hospital Regional de la empresa petrolera en Villahermosa. <!--more--> <\/p>\n<p>  El extrabajador de Petr\u00f3leos Mexicanos (Pemex), Javier Acosta, de 57 a\u00f1os, a quien se le suministr\u00f3 un medicamento para hemodi\u00e1lisis llamado Heparina S\u00f3dica contaminado, muri\u00f3 tras permanecer varios d\u00edas en terapia intensiva. <\/p>\n<p>  Es la octava v\u00edctima en el Hospital Regional de la empresa petrolera en Villahermosa.<\/p>\n<p>  De acuerdo a la se\u00f1ora Mar\u00eda Aracely Garc\u00eda, este domingo le informaron en el nosocomio que su esposo, quien labor\u00f3 21 a\u00f1os como obrero en la Bater\u00eda Luna, ubicada en el municipio de Centla, hab\u00eda fallecido, pero le dijeron que hab\u00eda sido por causas naturales.<\/p>\n<p> Sin embargo, la mujer acus\u00f3 que la salud de don Javier se agrav\u00f3 luego que le aplicaron un medicamento contaminado con la bacteria Klebsiella, por lo que este lunes acudi\u00f3 ante la delegaci\u00f3n de la Fiscal\u00eda General de la Rep\u00fablica (FGR) para presentar una demanda penal.<\/p>\n<p> &#8220;Me hab\u00edan dicho que hab\u00eda fallecido por muerte natural. Y que para qu\u00e9 vamos hacer tantas cosas. Si ya sab\u00edan lo que ten\u00edan: que era insuficiencia renal, y pues ellos no quieren asumir su responsabilidad. Ellos nos niegan todo tipo de informaci\u00f3n&#8221;, refiri\u00f3.<\/p>\n<p> &#8220;Vamos a demandar por que no se vale que nos hayan matado a nuestro familiar. Todav\u00eda no me han entregado nada. A mi esposo se lo acaban de llevar a las 9:30 de la ma\u00f1ana a la Fiscal\u00eda para hacerle la necropsia. De hecho no me le quer\u00edan hacer necropsia. Me tuve que molestar para que accediera y me le hicieran la necropsia&#8221;.<\/p>\n<p> Este deceso se suma a la de Bienvenido S\u00e1nchez Feria, de 76 a\u00f1os; Mar\u00eda Soledad Maga\u00f1a, de 55; Patricia Jim\u00e9nez Mar\u00edn, de 54 a\u00f1os; Feliciano S\u00e1nchez Osorio de 65; Marina S\u00e1nchez Gonz\u00e1lez, de 49 a\u00f1os, y Baldemar Garc\u00eda Flores, de 77 a\u00f1os de edad, a quienes se les suministr\u00f3 el medicamento contaminado.<\/p>\n<p> Adem\u00e1s del fallecimiento de Salvador C\u00f3rdoba D\u00edaz, de 75 a\u00f1os de edad, quien fue una v\u00edctima colateral debido a que adquiri\u00f3 la bacteria durante un cambio de cat\u00e9ter en el mismo nosocomio.<\/p>\n<p> Pemex solo reconoce seis v\u00edctimas y ha informado a trav\u00e9s de boletines que ya present\u00f3 una demanda penal ante la FGR, dependencia a la que tambi\u00e9n se le turnaron tres carpetas de investigaciones que se abrieron en la Fiscal\u00eda General del Estado (FGE).<\/p>\n<p> <b>CRITICAN VISITA<\/b><\/p>\n<p> Seg\u00fan informaci\u00f3n de Pemex, el director general, Octavio Romero Oropeza, visit\u00f3 la noche del viernes a los pacientes que permanecen hospitalizados y que fueron afectados por la Heparina S\u00f3dica, hecho que fue criticado por los familiares, ya que acusaron que nunca se les inform\u00f3 de la presencia del funcionario y por el contrario, solo usaron a los enfermos para tomarse la foto.<\/p>\n<p> &#8220;Esta visita la calific\u00f3 como una burla hacia el dolor de los 67 familiares que hemos estado aqu\u00ed viviendo esta pesadilla. El se\u00f1or si es el director no tiene por qu\u00e9 venir como un delincuente en la noche, sin que nadie lo vea, \u00bfPor qu\u00e9 no vino de d\u00eda?&#8221;, se\u00f1al\u00f3 do\u00f1a Mar\u00eda May, esposa de uno de los derechohabientes que a\u00fan permanece en terapia intensiva.<\/p>\n<p> Afirm\u00f3 que el director de Pemex, Octavio Romero Oropeza, solo acudi\u00f3 al hospital para hacerse publicidad. &#8220;Como va a venir a tomarse foto para hacerse publicidad; a nosotros nos restringen la entrada a terapia intensiva para estar cerca de nuestros familiares y lo entendemos, y porque a este se\u00f1or le permitieron la entrada al cuarto de mi esposo. Esto es una cachetada hacia nosotros, una burla&#8221;, concluy\u00f3.<\/p>\n<p>\n","protected":false},"excerpt":{"rendered":"<p>Es la octava v\u00edctima en el Hospital Regional de la empresa petrolera en Villahermosa.<\/p>\n","protected":false},"author":6,"featured_media":0,"comment_status":"open","ping_status":"open","sticky":false,"template":"","format":"standard","meta":{"footnotes":""},"categories":[36],"tags":[],"class_list":["post-101114","post","type-post","status-publish","format-standard","hentry","category-nacion"],"_links":{"self":[{"href":"https:\/\/plazajuarez.mx\/historico\/wp-json\/wp\/v2\/posts\/101114","targetHints":{"allow":["GET"]}}],"collection":[{"href":"https:\/\/plazajuarez.mx\/historico\/wp-json\/wp\/v2\/posts"}],"about":[{"href":"https:\/\/plazajuarez.mx\/historico\/wp-json\/wp\/v2\/types\/post"}],"author":[{"embeddable":true,"href":"https:\/\/plazajuarez.mx\/historico\/wp-json\/wp\/v2\/users\/6"}],"replies":[{"embeddable":true,"href":"https:\/\/plazajuarez.mx\/historico\/wp-json\/wp\/v2\/comments?post=101114"}],"version-history":[{"count":0,"href":"https:\/\/plazajuarez.mx\/historico\/wp-json\/wp\/v2\/posts\/101114\/revisions"}],"wp:attachment":[{"href":"https:\/\/plazajuarez.mx\/historico\/wp-json\/wp\/v2\/media?parent=101114"}],"wp:term":[{"taxonomy":"category","embeddable":true,"href":"https:\/\/plazajuarez.mx\/historico\/wp-json\/wp\/v2\/categories?post=101114"},{"taxonomy":"post_tag","embeddable":true,"href":"https:\/\/plazajuarez.mx\/historico\/wp-json\/wp\/v2\/tags?post=101114"}],"curies":[{"name":"wp","href":"https:\/\/api.w.org\/{rel}","templated":true}]}}