{"id":101113,"date":"2020-03-16T17:23:12","date_gmt":"2020-03-16T17:23:12","guid":{"rendered":"http:\/\/plazajuarez.mx\/index\/index.php\/2020\/03\/16\/coronavirus-en-nl-pasa-de-5-a-12-casos\/"},"modified":"2020-03-16T17:23:12","modified_gmt":"2020-03-16T17:23:12","slug":"coronavirus-en-nl-pasa-de-5-a-12-casos","status":"publish","type":"post","link":"https:\/\/plazajuarez.mx\/historico\/coronavirus-en-nl-pasa-de-5-a-12-casos\/","title":{"rendered":"Coronavirus en NL pasa de 5 a 12 casos"},"content":{"rendered":"<p>Los siete nuevos afectados contrajeron la enfermedad en viajes al extranjero, y todos permanecen en aislamiento en sus casas. <!--more--> <\/p>\n<p>  El n\u00famero de casos confirmados de coronavirus o Covid-19 en Nuevo Le\u00f3n pas\u00f3 de cinco a 12 de ayer domingo a hoy lunes, inform\u00f3 esta ma\u00f1ana el secretario estatal de Salud, Manuel de la O Cavazos. <\/p>\n<p>  En su reporte se destac\u00f3 que los siete nuevos afectados contrajeron la enfermedad en viajes al extranjero, y todos permanecen en aislamiento en sus casas.<\/p>\n<p>  El paciente n\u00famero seis es un hombre de 72 a\u00f1os que contrajo el virus en un viaje a Estados Unidos; el n\u00famero siete es una mujer de 79 a\u00f1os con antecedentes de viaje a Espa\u00f1a; hay otra paciente femenina de 82 a\u00f1os que estuvo en el pa\u00eds ib\u00e9rico, que es el caso n\u00famero ocho.<\/p>\n<p>  El caso confirmado n\u00famero nueve es un hombre de 72 a\u00f1os que estuvo en Estados Unidos y relacionado con \u00e9l hay un contacto asintom\u00e1tico en observaci\u00f3n; el caso n\u00famero diez es un masculino de 33 a\u00f1os que viaj\u00f3 a Espa\u00f1a, con dos contactos asintom\u00e1ticos en estudio.<\/p>\n<p>  El secretario de Salud agreg\u00f3 que el caso n\u00famero once que dio positivo a las pruebas de Covid-19, es una joven de 27 a\u00f1os que visit\u00f3 Espa\u00f1a, y el caso n\u00famero 12 es un hombre de 53 a\u00f1os con antecedentes de viaje Espa\u00f1a del seis al diez de marzo.<\/p>\n<p>  Ante este repunte en la enfermedad y pese a que todav\u00eda el estado se mantiene en fase 1 con 12 casos importados y ning\u00fan contagio comunitario u horizontal, el gobierno estatal anunci\u00f3 que a partir del martes se suspenden las clases.<\/p>\n<p>  Al mismo tiempo el secretario Manuel de la O, llam\u00f3 a la sociedad a no acudir a lugares de grandes concentraciones y sitio de recreo, como hicieron muchos el domingo, porque si no colaboran con las recomendaciones sanitarias, advirti\u00f3, el gobierno no podr\u00e1 solo, y se van a saturar los hospitales de enfermos.<\/p>\n<p>\n","protected":false},"excerpt":{"rendered":"<p>Los siete nuevos afectados contrajeron la enfermedad en viajes al extranjero, y todos permanecen en aislamiento en sus casas.<\/p>\n","protected":false},"author":6,"featured_media":0,"comment_status":"open","ping_status":"open","sticky":false,"template":"","format":"standard","meta":{"footnotes":""},"categories":[36],"tags":[],"class_list":["post-101113","post","type-post","status-publish","format-standard","hentry","category-nacion"],"_links":{"self":[{"href":"https:\/\/plazajuarez.mx\/historico\/wp-json\/wp\/v2\/posts\/101113","targetHints":{"allow":["GET"]}}],"collection":[{"href":"https:\/\/plazajuarez.mx\/historico\/wp-json\/wp\/v2\/posts"}],"about":[{"href":"https:\/\/plazajuarez.mx\/historico\/wp-json\/wp\/v2\/types\/post"}],"author":[{"embeddable":true,"href":"https:\/\/plazajuarez.mx\/historico\/wp-json\/wp\/v2\/users\/6"}],"replies":[{"embeddable":true,"href":"https:\/\/plazajuarez.mx\/historico\/wp-json\/wp\/v2\/comments?post=101113"}],"version-history":[{"count":0,"href":"https:\/\/plazajuarez.mx\/historico\/wp-json\/wp\/v2\/posts\/101113\/revisions"}],"wp:attachment":[{"href":"https:\/\/plazajuarez.mx\/historico\/wp-json\/wp\/v2\/media?parent=101113"}],"wp:term":[{"taxonomy":"category","embeddable":true,"href":"https:\/\/plazajuarez.mx\/historico\/wp-json\/wp\/v2\/categories?post=101113"},{"taxonomy":"post_tag","embeddable":true,"href":"https:\/\/plazajuarez.mx\/historico\/wp-json\/wp\/v2\/tags?post=101113"}],"curies":[{"name":"wp","href":"https:\/\/api.w.org\/{rel}","templated":true}]}}