{"id":101111,"date":"2020-03-16T15:36:59","date_gmt":"2020-03-16T15:36:59","guid":{"rendered":"http:\/\/plazajuarez.mx\/index\/index.php\/2020\/03\/16\/descartan-muertes-por-coronavirus-en-mexico-hasta-el-momento\/"},"modified":"2020-03-16T15:36:59","modified_gmt":"2020-03-16T15:36:59","slug":"descartan-muertes-por-coronavirus-en-mexico-hasta-el-momento","status":"publish","type":"post","link":"https:\/\/plazajuarez.mx\/historico\/descartan-muertes-por-coronavirus-en-mexico-hasta-el-momento\/","title":{"rendered":"Descartan muertes por coronavirus en M\u00e9xico hasta el momento"},"content":{"rendered":"<p>En esta segunda fase tambi\u00e9n contin\u00faan las medidas de contenci\u00f3n o medidas de mitigaci\u00f3n comunitaria y sana distancia. <!--more--> <\/p>\n<p>  El subsecretario de Salud, Hugo L\u00f3pez-Gatell, inform\u00f3 que se mantiene entre 53 el n\u00famero de casos con coronavirus, en el pa\u00eds, de los cuales 7 est\u00e1n hospitalizados, la mayor\u00eda estables.<\/p>\n<p>  Durante la conferencia de prensa ma\u00f1anera del presidente Andr\u00e9s Manuel L\u00f3pez Obrador, el funcionario de Salud no mencion\u00f3 ning\u00fan caso de decesos en M\u00e9xico por el Covid-19.<\/p>\n<p>  L\u00f3pez-Gatell asegur\u00f3 que en esta segunda fase tambi\u00e9n contin\u00faan las medidas de contenci\u00f3n o medidas de mitigaci\u00f3n comunitaria y sana distancia.<\/p>\n<p>  Es decir, las personas no est\u00e9n en contacto estrecho con otras personas.<\/p>\n<p>\n","protected":false},"excerpt":{"rendered":"<p>En esta segunda fase tambi\u00e9n contin\u00faan las medidas de contenci\u00f3n o medidas de mitigaci\u00f3n comunitaria y sana distancia.<\/p>\n","protected":false},"author":6,"featured_media":0,"comment_status":"open","ping_status":"open","sticky":false,"template":"","format":"standard","meta":{"footnotes":""},"categories":[36],"tags":[],"class_list":["post-101111","post","type-post","status-publish","format-standard","hentry","category-nacion"],"_links":{"self":[{"href":"https:\/\/plazajuarez.mx\/historico\/wp-json\/wp\/v2\/posts\/101111","targetHints":{"allow":["GET"]}}],"collection":[{"href":"https:\/\/plazajuarez.mx\/historico\/wp-json\/wp\/v2\/posts"}],"about":[{"href":"https:\/\/plazajuarez.mx\/historico\/wp-json\/wp\/v2\/types\/post"}],"author":[{"embeddable":true,"href":"https:\/\/plazajuarez.mx\/historico\/wp-json\/wp\/v2\/users\/6"}],"replies":[{"embeddable":true,"href":"https:\/\/plazajuarez.mx\/historico\/wp-json\/wp\/v2\/comments?post=101111"}],"version-history":[{"count":0,"href":"https:\/\/plazajuarez.mx\/historico\/wp-json\/wp\/v2\/posts\/101111\/revisions"}],"wp:attachment":[{"href":"https:\/\/plazajuarez.mx\/historico\/wp-json\/wp\/v2\/media?parent=101111"}],"wp:term":[{"taxonomy":"category","embeddable":true,"href":"https:\/\/plazajuarez.mx\/historico\/wp-json\/wp\/v2\/categories?post=101111"},{"taxonomy":"post_tag","embeddable":true,"href":"https:\/\/plazajuarez.mx\/historico\/wp-json\/wp\/v2\/tags?post=101111"}],"curies":[{"name":"wp","href":"https:\/\/api.w.org\/{rel}","templated":true}]}}