{"id":101110,"date":"2020-03-16T15:27:43","date_gmt":"2020-03-16T15:27:43","guid":{"rendered":"http:\/\/plazajuarez.mx\/index\/index.php\/2020\/03\/16\/gobierno-descarta-hacer-la-prueba-del-covid-19-a-lopez-obrador\/"},"modified":"2020-03-16T15:27:43","modified_gmt":"2020-03-16T15:27:43","slug":"gobierno-descarta-hacer-la-prueba-del-covid-19-a-lopez-obrador","status":"publish","type":"post","link":"https:\/\/plazajuarez.mx\/historico\/gobierno-descarta-hacer-la-prueba-del-covid-19-a-lopez-obrador\/","title":{"rendered":"Descarta Gobierno hacer la prueba del COVID-19 a L\u00f3pez Obrador"},"content":{"rendered":"<p>Seg\u00fan el \u00faltimo reporte oficial, en M\u00e9xico hay 53 casos confirmados de coronavirus y 176 casos sospechosos. <!--more--> <\/p>\n<p>  Las autoridades sanitarias del Gobierno de M\u00e9xico descartaron este lunes realizar la prueba de coronavirus al presidente del pa\u00eds, Andr\u00e9s Manuel L\u00f3pez Obrador, porque hacerlo &#8220;no tendr\u00eda ninguna l\u00f3gica cient\u00edfica&#8221;.<\/p>\n<p>   &#8220;No sirve de nada saber si es positivo o negativo porque la atenci\u00f3n m\u00e9dica de una persona con COVID-19 es exactamente igual se sepa que tiene o que no tiene el virus&#8221;, expres\u00f3 el subsecretario de Prevenci\u00f3n y Promoci\u00f3n de la Salud, Hugo L\u00f3pez-Gatell.<\/p>\n<p>   Seg\u00fan el \u00faltimo reporte oficial, en M\u00e9xico hay 53 casos confirmados de coronavirus y 176 casos sospechosos.<\/p>\n<p>   En una conferencia de prensa en Palacio Nacional junto a L\u00f3pez Obrador, el alto funcionario y doctor en Epidemiolog\u00eda sostuvo que la idea de que el presidente tiene que hacerse la prueba &#8220;es una visi\u00f3n completamente fuera de lugar en t\u00e9rminos cient\u00edficos&#8221;.<\/p>\n<p>   L\u00f3pez-Gatell expres\u00f3 que el jefe del Estado &#8220;afortunadamente goza de una buena salud&#8221; y a pesar de sus 66 a\u00f1os de edad &#8220;no es una persona de especial riesgo&#8221;.<\/p>\n<p>   &#8220;Casi ser\u00eda mejor que padeciera coronavirus porque lo m\u00e1s probable es que se va a recuperar y va a quedar inmune y ya nadie tendr\u00eda esta inquietud en \u00e9l&#8221;, lleg\u00f3 a expresar el funcionario.<\/p>\n<p>   El subsecretario de Salud respondi\u00f3 as\u00ed luego de que el presidente fuera preguntado por la prensa sobre si estaba dispuesto a hacerse la prueba, ya que este fin de semana estuvo de gira en varios eventos donde se abraz\u00f3 y bes\u00f3 con mucha gente.<\/p>\n<p>   &#8220;Yo me ajusto al protocolo de salud, pero es muy buena la pregunta porque si hace falta, entonces, yo me hago la prueba del coronavirus&#8221;, dijo L\u00f3pez Obrador, quien se gir\u00f3 hacia L\u00f3pez-Gatell para preguntar si se la ten\u00eda que hacer y este respondi\u00f3 que no.<\/p>\n<p>   El presidente mexicano record\u00f3 que ha ordenado a su gabinete que solo las autoridades sanitarias se expresen sobre la pandemia global ya que &#8220;si se deja en manos de pol\u00edticos y politiqueros es peor&#8221;.<\/p>\n<p>   Tambi\u00e9n arremeti\u00f3 contra los medios de comunicaci\u00f3n por haber informado anoche de la muerte con COVID-19 de un empresario cercano al magnate Carlos Slim, un hecho desmentido por las autoridades.<\/p>\n<p>   &#8220;Hay malestar en los medios de comunicaci\u00f3n porque recib\u00edan mucho dinero para publicidad, muchos columnistas recib\u00edan dinero y estaba subvencionados&#8221;, dijo sobre los gobiernos anteriores.<\/p>\n<p>   Mientras pa\u00edses como Colombia o Argentina han anunciado el cierre de sus fronteras por la crisis del coronavirus de Wuhan, el Gobierno de M\u00e9xico todav\u00eda no ha adoptado medidas dr\u00e1sticas m\u00e1s all\u00e1 de anunciar el cierre de colegios el pr\u00f3ximo 20 de marzo y la suspensi\u00f3n de eventos con m\u00e1s de 5.000 personas.<\/p>\n<p>   El subsecretario L\u00f3pez-Gatell justific\u00f3 este lunes que &#8220;los cierres masivos de todo el pa\u00eds tienen consecuencias grav\u00edsimas en las econom\u00edas de los m\u00e1s desfavorecidos&#8221;.<\/p>\n<p>   &#8220;En M\u00e9xico, la mitad de la poblaci\u00f3n tiene condiciones de pobreza como resultado de las pol\u00edticas econ\u00f3micas de los \u00faltimos 40 a\u00f1os. Esa es poblaci\u00f3n a la que hay que proteger&#8221;, expres\u00f3.<\/p>\n<p>   L\u00f3pez Obrador sigui\u00f3 este domingo su gira por el estado sure\u00f1o de Guerrero, en la costa del Pac\u00edfico, celebrando m\u00edtines y abraz\u00e1ndose con multitudes a pesar de las recomendaciones de la Secretar\u00eda de Salud y las cr\u00edticas por su inacci\u00f3n frente a esta crisis.<\/p>\n<p>\n","protected":false},"excerpt":{"rendered":"<p>Seg\u00fan el \u00faltimo reporte oficial, en M\u00e9xico hay 53 casos confirmados de coronavirus y 176 casos sospechosos.<\/p>\n","protected":false},"author":6,"featured_media":0,"comment_status":"open","ping_status":"open","sticky":false,"template":"","format":"standard","meta":{"footnotes":""},"categories":[36],"tags":[],"class_list":["post-101110","post","type-post","status-publish","format-standard","hentry","category-nacion"],"_links":{"self":[{"href":"https:\/\/plazajuarez.mx\/historico\/wp-json\/wp\/v2\/posts\/101110","targetHints":{"allow":["GET"]}}],"collection":[{"href":"https:\/\/plazajuarez.mx\/historico\/wp-json\/wp\/v2\/posts"}],"about":[{"href":"https:\/\/plazajuarez.mx\/historico\/wp-json\/wp\/v2\/types\/post"}],"author":[{"embeddable":true,"href":"https:\/\/plazajuarez.mx\/historico\/wp-json\/wp\/v2\/users\/6"}],"replies":[{"embeddable":true,"href":"https:\/\/plazajuarez.mx\/historico\/wp-json\/wp\/v2\/comments?post=101110"}],"version-history":[{"count":0,"href":"https:\/\/plazajuarez.mx\/historico\/wp-json\/wp\/v2\/posts\/101110\/revisions"}],"wp:attachment":[{"href":"https:\/\/plazajuarez.mx\/historico\/wp-json\/wp\/v2\/media?parent=101110"}],"wp:term":[{"taxonomy":"category","embeddable":true,"href":"https:\/\/plazajuarez.mx\/historico\/wp-json\/wp\/v2\/categories?post=101110"},{"taxonomy":"post_tag","embeddable":true,"href":"https:\/\/plazajuarez.mx\/historico\/wp-json\/wp\/v2\/tags?post=101110"}],"curies":[{"name":"wp","href":"https:\/\/api.w.org\/{rel}","templated":true}]}}