{"id":101034,"date":"2020-03-14T15:33:52","date_gmt":"2020-03-14T15:33:52","guid":{"rendered":"http:\/\/plazajuarez.mx\/index\/index.php\/2020\/03\/14\/primer-protocolo-de-seguridad-escolar\/"},"modified":"2020-03-14T15:33:52","modified_gmt":"2020-03-14T15:33:52","slug":"primer-protocolo-de-seguridad-escolar","status":"publish","type":"post","link":"https:\/\/plazajuarez.mx\/historico\/primer-protocolo-de-seguridad-escolar\/","title":{"rendered":"Primer protocolo de seguridad escolar"},"content":{"rendered":"<p>Direcci\u00f3n de Prevenci\u00f3n del Delito y Universidad Polit\u00e9cnica de Tulancingo est\u00e1n ultimando detalles<\/p>\n<p>Se busca prevenir situaciones que impliquen hechos violentos al interior de centros educativos<\/p>\n<p>  <!--more-->  <\/p>\n<p>En virtud de que la seguridad escolar, es un tema fundamental, por la gran cantidad de centros educativos que tiene el municipio de Tulancingo, la direcci\u00f3n de Prevenci\u00f3n del Delito y la Universidad Polit\u00e9cnica de Tulancingo ultiman detalles para consolidar el primer protocolo de seguridad escolar para el municipio.<\/p>\n<p>Este instrumento contendr\u00e1 los medios preventivos y la actuaci\u00f3n que debe prevalecer durante y posterior a situaciones que impliquen alg\u00fan hecho violento o en donde se utilicen armas de fuego.<\/p>\n<p>Josu\u00e9 Delgado Gonz\u00e1lez, director de Prevenci\u00f3n del Delito dijo que en lo que compete al plan de acciones se establecen tambi\u00e9n estrategias para identificar oportunamente cualquier presencia de armas as\u00ed como el c\u00f3mo debe actuar el personal, quien deber\u00e1 recibir la capacitaci\u00f3n pertinente.<\/p>\n<p>El protocolo, igualmente indica c\u00f3mo enfrentar un hecho de emergencia y preparar lo necesario para salir del lugar sin que esto implique poner en riesgo la integridad del alumnado.<\/p>\n<p>No menos importante es c\u00f3mo identificar un medio de escape y que en ninguno de los casos se busque incurrir en hechos protag\u00f3nicos, tratando de someter al tirador, pues para ello existe personal capacitado para la disuasi\u00f3n de conductas delictivas.<\/p>\n<p>En el documento se indica que el actuar de los elementos, no ser\u00e1 el de otorgar primeros auxilios sino el de eliminar cualquier tipo de amenaza o riesgo.<\/p>\n<p>Con ello se persigue un procedimiento eficaz en la salvaguarda de la vida.<\/p>\n<p>En el protocolo se integra de seis hojas de f\u00e1cil comprensi\u00f3n, incluyendo tambi\u00e9n una red de emergencias donde los planteles escolares pueden notificar a las corporaciones municipales, cualquier situaci\u00f3n que implique riesgo.<\/p>\n","protected":false},"excerpt":{"rendered":"<p>Direcci\u00f3n de Prevenci\u00f3n del Delito y Universidad Polit\u00e9cnica de Tulancingo est\u00e1n ultimando detalles Se busca prevenir situaciones que impliquen hechos violentos al interior de centros educativos<\/p>\n","protected":false},"author":3,"featured_media":0,"comment_status":"open","ping_status":"open","sticky":false,"template":"","format":"standard","meta":{"footnotes":""},"categories":[40],"tags":[],"class_list":["post-101034","post","type-post","status-publish","format-standard","hentry","category-region"],"_links":{"self":[{"href":"https:\/\/plazajuarez.mx\/historico\/wp-json\/wp\/v2\/posts\/101034","targetHints":{"allow":["GET"]}}],"collection":[{"href":"https:\/\/plazajuarez.mx\/historico\/wp-json\/wp\/v2\/posts"}],"about":[{"href":"https:\/\/plazajuarez.mx\/historico\/wp-json\/wp\/v2\/types\/post"}],"author":[{"embeddable":true,"href":"https:\/\/plazajuarez.mx\/historico\/wp-json\/wp\/v2\/users\/3"}],"replies":[{"embeddable":true,"href":"https:\/\/plazajuarez.mx\/historico\/wp-json\/wp\/v2\/comments?post=101034"}],"version-history":[{"count":0,"href":"https:\/\/plazajuarez.mx\/historico\/wp-json\/wp\/v2\/posts\/101034\/revisions"}],"wp:attachment":[{"href":"https:\/\/plazajuarez.mx\/historico\/wp-json\/wp\/v2\/media?parent=101034"}],"wp:term":[{"taxonomy":"category","embeddable":true,"href":"https:\/\/plazajuarez.mx\/historico\/wp-json\/wp\/v2\/categories?post=101034"},{"taxonomy":"post_tag","embeddable":true,"href":"https:\/\/plazajuarez.mx\/historico\/wp-json\/wp\/v2\/tags?post=101034"}],"curies":[{"name":"wp","href":"https:\/\/api.w.org\/{rel}","templated":true}]}}