{"id":101033,"date":"2020-03-14T15:32:33","date_gmt":"2020-03-14T15:32:33","guid":{"rendered":"http:\/\/plazajuarez.mx\/index\/index.php\/2020\/03\/14\/ericka-abigail-banales-ya-es-difusora-de-derechos\/"},"modified":"2020-03-14T15:32:33","modified_gmt":"2020-03-14T15:32:33","slug":"ericka-abigail-banales-ya-es-difusora-de-derechos","status":"publish","type":"post","link":"https:\/\/plazajuarez.mx\/historico\/ericka-abigail-banales-ya-es-difusora-de-derechos\/","title":{"rendered":"Ericka Abigail Ba\u00f1ales ya es\u00a0 DIFusora de derechos"},"content":{"rendered":"<p>Result\u00f3 electa como representante de Tulancingo<\/p>\n<p>La presidenta del DIF consider\u00f3 importante que los ni\u00f1os, ni\u00f1as y adolescente se conviertan en promotores de sus derechos<\/p>\n<p>  <!--more-->  <\/p>\n<p>Se llev\u00f3 a cabo el concurso interno para la elecci\u00f3n del ni\u00f1o difusor municipal 2020 de los Derechos de las ni\u00f1as, ni\u00f1os y adolescentes, en las instalaciones de Centro de Cultura Emocional de la Familia (CCEF).<\/p>\n<p>La presidenta del Sistema DIF Tulancingo, se\u00f1ora Rosario Lira Montalb\u00e1n, inform\u00f3 que con el tema \u201cYo opino sobre mis derechos\u201d, a trav\u00e9s de sus proyectos, los participantes ofrecieron alternativas de soluci\u00f3n para los problemas que aquejan su entorno socio familiar, desde su perspectiva, pretenden ser la voz que represente a los ni\u00f1as, ni\u00f1os y adolescentes.<\/p>\n<p>Los aspectos que se evaluaron fueron: conocimiento del tema, facilidad de palabra, uso de material did\u00e1ctico y dominio del escenario.<\/p>\n<p>El DIF municipal entreg\u00f3 a los participantes, un reconocimiento.<\/p>\n<p>Ericka Abigail Ba\u00f1ales Santos de 13 a\u00f1os que asiste al PAMAR Cabecera, result\u00f3 electa como la Ni\u00f1a Difusora de los Derechos de las Ni\u00f1as, Ni\u00f1os y Adolescentes 2020 del Municipio de Tulancingo y participar\u00e1 en el \u201cForo de Elecci\u00f3n del DIFusor Estatal 2020\u201d.<\/p>\n<p>El evento se llevar\u00e1 a cabo el d\u00eda 17 de marzo del a\u00f1o en curso en un horario de 8:30 a 16:00 horas, en las instalaciones de la Casa de las y los adolescentes en la ciudad de Pachuca.<\/p>\n<p>La presidenta del DIF municipal, consider\u00f3 importante que los ni\u00f1os, ni\u00f1as y adolescente se conviertan en promotores de sus derechos, difundir c\u00f3mo ejercerlos y c\u00f3mo protegerlos, por ello, se trabaja de manera permanente en actividades que fortalezcan la participaci\u00f3n infantil.<\/p>\n","protected":false},"excerpt":{"rendered":"<p>Result\u00f3 electa como representante de Tulancingo La presidenta del DIF consider\u00f3 importante que los ni\u00f1os, ni\u00f1as y adolescente se conviertan en promotores de sus derechos<\/p>\n","protected":false},"author":3,"featured_media":0,"comment_status":"open","ping_status":"open","sticky":false,"template":"","format":"standard","meta":{"footnotes":""},"categories":[40],"tags":[],"class_list":["post-101033","post","type-post","status-publish","format-standard","hentry","category-region"],"_links":{"self":[{"href":"https:\/\/plazajuarez.mx\/historico\/wp-json\/wp\/v2\/posts\/101033","targetHints":{"allow":["GET"]}}],"collection":[{"href":"https:\/\/plazajuarez.mx\/historico\/wp-json\/wp\/v2\/posts"}],"about":[{"href":"https:\/\/plazajuarez.mx\/historico\/wp-json\/wp\/v2\/types\/post"}],"author":[{"embeddable":true,"href":"https:\/\/plazajuarez.mx\/historico\/wp-json\/wp\/v2\/users\/3"}],"replies":[{"embeddable":true,"href":"https:\/\/plazajuarez.mx\/historico\/wp-json\/wp\/v2\/comments?post=101033"}],"version-history":[{"count":0,"href":"https:\/\/plazajuarez.mx\/historico\/wp-json\/wp\/v2\/posts\/101033\/revisions"}],"wp:attachment":[{"href":"https:\/\/plazajuarez.mx\/historico\/wp-json\/wp\/v2\/media?parent=101033"}],"wp:term":[{"taxonomy":"category","embeddable":true,"href":"https:\/\/plazajuarez.mx\/historico\/wp-json\/wp\/v2\/categories?post=101033"},{"taxonomy":"post_tag","embeddable":true,"href":"https:\/\/plazajuarez.mx\/historico\/wp-json\/wp\/v2\/tags?post=101033"}],"curies":[{"name":"wp","href":"https:\/\/api.w.org\/{rel}","templated":true}]}}