{"id":101032,"date":"2020-03-14T15:30:40","date_gmt":"2020-03-14T15:30:40","guid":{"rendered":"http:\/\/plazajuarez.mx\/index\/index.php\/2020\/03\/14\/suiza-cierra-colegios-y-frontera-con-italia\/"},"modified":"2020-03-14T15:30:40","modified_gmt":"2020-03-14T15:30:40","slug":"suiza-cierra-colegios-y-frontera-con-italia","status":"publish","type":"post","link":"https:\/\/plazajuarez.mx\/historico\/suiza-cierra-colegios-y-frontera-con-italia\/","title":{"rendered":"\u00a1Suiza cierra colegios y frontera con Italia!"},"content":{"rendered":"<p>Actualmente sus fronteras est\u00e1n abiertas por la llamada \u201czona Schengen\u201d de libre circulaci\u00f3n de personas<\/p>\n<p>La regi\u00f3n suiza del Tesino tiene frontera con el norte de Italia, donde se registra el mayor foco de transmisi\u00f3n del virus en Europa<\/p>\n<p>  <!--more-->  <\/p>\n<p>EFE.- Gobierno suizo anunci\u00f3 ayer que cerrar\u00e1n las escuelas durante tres semanas y reanudar los controles de frontera con el resto de pa\u00edses que forman parte de la zona Schengen de libre circulaci\u00f3n de personas tras haberse confirmado 1.125 casos de coronavirus.<\/p>\n<p>C\u00c1NTICOS EN LA NOCHE DE LA ITALIA CONFINADA<\/p>\n<p>C\u00e1nticos espont\u00e1neos y m\u00fasica salen desde los balcones y las ventanas de varias ciudades de Italia, un modo de infundir \u00e1nimos a las personas que esperan, confinadas en sus casas, a que pase la crisis del coronavirus. El Gobierno orden\u00f3: \u201ctodo mundo debe permanecer en su domicilio a no ser que sea por estrictos motivos de trabajo o de salud, hasta el 25 de marzo\u201d.<\/p>\n<p>FRANCIA REBAJA A 100 EL M\u00c1XIMO EN TODA REUNI\u00d3N<\/p>\n<p>El primer ministro franc\u00e9s, \u00c9douard Philippe, rebaj\u00f3 ayer a cien el m\u00e1ximo de personas permitidas en toda reuni\u00f3n para frenar la progresi\u00f3n del COVID-19, frente a las mil actuales.<\/p>\n<p>ETIOP\u00cdA TRIG\u00c9SIMO PA\u00cdS SUBSAHARIANO CON CORONAVIRUS<\/p>\n<p>El Gobierno de Etiop\u00eda confirm\u00f3 ayer su primer caso de coronavirus, un ciudadano japon\u00e9s de 38 a\u00f1os que lleg\u00f3 a Ad\u00eds Abeba procedente de Burkina Faso.<\/p>\n<p>VENEZUELA CONFIRMA DOS PRIMEROS CASOS DE CORONAVIRUS<\/p>\n<p>La vicepresidenta del Gobierno de Venezuela, Delcy Rodr\u00edguez, inform\u00f3 que &#8220;se confirmaron dos casos de coronavirus&#8221; en el pa\u00eds. Pidi\u00f3 la cuarentena preventiva para los viajeros que llegaron de Madrid el 5 y 8 de marzo.<\/p>\n<p>ESPA\u00d1A DECLARA HOY \u201cESTADO DE ALARMA\u201d<\/p>\n<p>El Gobierno espa\u00f1ol declarar\u00e1 este s\u00e1bado el estado de alarma ante la expansi\u00f3n del coronavirus, lo que permitir\u00e1 a las autoridades tomar medidas excepcionales para afrontar la situaci\u00f3n.<\/p>\n","protected":false},"excerpt":{"rendered":"<p>Actualmente sus fronteras est\u00e1n abiertas por la llamada \u201czona Schengen\u201d de libre circulaci\u00f3n de personas La regi\u00f3n suiza del Tesino tiene frontera con el norte de Italia, donde se registra el mayor foco de transmisi\u00f3n del virus en Europa<\/p>\n","protected":false},"author":3,"featured_media":0,"comment_status":"open","ping_status":"open","sticky":false,"template":"","format":"standard","meta":{"footnotes":""},"categories":[31],"tags":[],"class_list":["post-101032","post","type-post","status-publish","format-standard","hentry","category-orbe"],"_links":{"self":[{"href":"https:\/\/plazajuarez.mx\/historico\/wp-json\/wp\/v2\/posts\/101032","targetHints":{"allow":["GET"]}}],"collection":[{"href":"https:\/\/plazajuarez.mx\/historico\/wp-json\/wp\/v2\/posts"}],"about":[{"href":"https:\/\/plazajuarez.mx\/historico\/wp-json\/wp\/v2\/types\/post"}],"author":[{"embeddable":true,"href":"https:\/\/plazajuarez.mx\/historico\/wp-json\/wp\/v2\/users\/3"}],"replies":[{"embeddable":true,"href":"https:\/\/plazajuarez.mx\/historico\/wp-json\/wp\/v2\/comments?post=101032"}],"version-history":[{"count":0,"href":"https:\/\/plazajuarez.mx\/historico\/wp-json\/wp\/v2\/posts\/101032\/revisions"}],"wp:attachment":[{"href":"https:\/\/plazajuarez.mx\/historico\/wp-json\/wp\/v2\/media?parent=101032"}],"wp:term":[{"taxonomy":"category","embeddable":true,"href":"https:\/\/plazajuarez.mx\/historico\/wp-json\/wp\/v2\/categories?post=101032"},{"taxonomy":"post_tag","embeddable":true,"href":"https:\/\/plazajuarez.mx\/historico\/wp-json\/wp\/v2\/tags?post=101032"}],"curies":[{"name":"wp","href":"https:\/\/api.w.org\/{rel}","templated":true}]}}