{"id":100712,"date":"2020-03-09T05:44:27","date_gmt":"2020-03-09T05:44:27","guid":{"rendered":"http:\/\/plazajuarez.mx\/index\/index.php\/2020\/03\/09\/todo-por-ser-mujer\/"},"modified":"2020-04-14T20:24:28","modified_gmt":"2020-04-14T20:24:28","slug":"todo-por-ser-mujer","status":"publish","type":"post","link":"https:\/\/plazajuarez.mx\/historico\/todo-por-ser-mujer\/","title":{"rendered":"Todo por ser mujer"},"content":{"rendered":"<p>DE CUERPO ENTERO<\/p>\n<p>  <!--more-->  <\/p>\n<p>Camelia tiene 23 a\u00f1os de edad y es madre soltera. Con fortuna consigui\u00f3 trabajo en la panader\u00eda de Don Arturo, y a veces hasta se siente contenta; ha aprendido el oficio tan r\u00e1pido que bien se da cuenta que los otros dos que entraron igual que ella, ya se quedaron atr\u00e1s porque no aprenden y son flojos. El trabajo le convino porque entra despu\u00e9s de las cinco de la tarde y le da tiempo de estar con su ni\u00f1a, de llevarla a la escuela y dejarla con la encomienda de que se duerma temprano, con su madrina que es rebuena gente.<br \/>Sin embargo, Camelia tiene miedo, desde que lleg\u00f3 se dio cuenta de la forma como la ven, de como Don Arturo la quiere estar abrazando siempre. Procura llevar siempre ropa holgada, jam\u00e1s falda o vestido, y casi sin maquillaje; todo es en vano porque el miedo la abruma cuando son ya casi las once de la noche, y tiene que salir corriendo para alcanzar la \u00faltima combi.<br \/>Una noche del 9 de mayo, cuando las flores dejan fluir su olor nocturno, sali\u00f3 m\u00e1s animada; al d\u00eda siguiente estar\u00eda en el primer festival para las madres, su ni\u00f1a de siete a\u00f1os se sab\u00eda muy bien la poes\u00eda (de ello estaba muy segura-,porque ella misma se la ense\u00f1\u00f3).<br \/>La combi iba casi vac\u00eda, y a pocas cuadras subieron dos tipos que con el mayor descaro se sentaron a su lado; una pareja, como presintiendo el miedo, se bajaron enseguida; ella quiso hacer lo mismo, pero no la dejaron. Lo dem\u00e1s fue r\u00e1pido y ruin: la combi se desvi\u00f3 a una calle oscura y el chofer se uni\u00f3 a los otros dos animales, y despu\u00e9s de violarla golpe\u00e1ndola antes con la cacha de una pistola porque no se dejaba, decidieron matarla de un balazo en la cabeza.<br \/>Su ni\u00f1a declam\u00f3 la poes\u00eda a la madre al d\u00eda siguiente, busc\u00e1ndola inquieta entre la gente.<br \/>Camelia nunca lleg\u00f3, y fue declarada desaparecida, no faltando el macho de siempre: \u201cseguro se fue con el amante\u201d.<br \/>Solo en el mes de enero de este 2020, fueron asesinadas 320 mujeres, es decir 10 cada 24 horas, declarando el Secretariado Ejecutivo del Sistema Nacional de Seguridad (SESNSP) que solo 73 fueron FEMINICIDIOS<br \/>FEMINICIDIO: Es la muerte violenta de las mujeres por razones de g\u00e9nero, por ser MUJER, y se considera la forma m\u00e1s extrema de violencia contra las mujeres.<br \/>En el art\u00edculo 325 del C\u00f3digo Penal Federal se tipifica al feminicidio cuando:<br \/>-La v\u00edctima presenta signos de violencia sexual de cualquier tipo;<br \/>-A la v\u00edctima se le hayan infligido lesiones o mutilaciones;<br \/>-Existan antecedentes de violencia familiar o laboral, escolar etc. Del sujeto activo contra la v\u00edctima;<br \/>-Cuando existiera relaci\u00f3n sentimental entre la v\u00edctima y el agresor;<br \/>-El cuerpo sea expuesto o exhibido en lugares p\u00fablicos.<br \/>Camelia se sum\u00f3 a la estad\u00edstica, y como siempre est\u00e1 pasando en nuestra patria, su ni\u00f1a y su madrina tuvieron que devorar el dolor solas, siempre solas.<br \/>\u201cUn d\u00eda Sin Nosotras\u201d debe simbolizar la fuerza de los mares que tienen las mujeres, que la forma de combatir al imb\u00e9cil macho que cree que por serlo puede agredir, tocar, violar y matar, es tan solo enfrent\u00e1ndolo, y como una rata se ir\u00e1 por las alcantarillas.<br \/>El s\u00edmbolo de esta protesta va m\u00e1s all\u00e1 de la falta al trabajo o a la escuela, significa que los hombres debemos reflexionar en este mundo repartido en partes desiguales y que, si la mayor\u00eda sabemos respetarlas, hay muchos que este lunes 9 de marzo sentir\u00e1n fuego cayendo sobre sus rostros deformados. Estaremos sin mujeres, y ser\u00eda un inicio supremo si aplicamos el reparto justo entre todos y todas que conformamos un solo g\u00e9nero: EL HUMANO. <br \/>Debemos cuidarnos entre todos y cancelar de una vez por todas el miedo, porque a partir de hoy \u201ctodos somos mujeres, y todos somos hombres\u201d.<br \/>El gobierno de la 4T asiste a una de sus \u00faltimas oportunidades de hacer equipo con los que levantamos los pu\u00f1os y hemos protestado en silencio; debe empezar ya a tejer con congruencia dejando atr\u00e1s el pasado que tanto le atormenta. Las mujeres se manifiestan el borde de sus l\u00edmites, y pronto los hombres podr\u00edamos hacer lo mismo.<br \/>\u00a0 <\/p>\n","protected":false},"excerpt":{"rendered":"<p>DE CUERPO ENTERO<\/p>\n","protected":false},"author":93,"featured_media":0,"comment_status":"open","ping_status":"open","sticky":false,"template":"","format":"standard","meta":{"footnotes":""},"categories":[82,42],"tags":[68],"class_list":["post-100712","post","type-post","status-publish","format-standard","hentry","category-dr-antonio-peralta-sanchez","category-nuestrapalabra","tag-doctor-peralta"],"_links":{"self":[{"href":"https:\/\/plazajuarez.mx\/historico\/wp-json\/wp\/v2\/posts\/100712","targetHints":{"allow":["GET"]}}],"collection":[{"href":"https:\/\/plazajuarez.mx\/historico\/wp-json\/wp\/v2\/posts"}],"about":[{"href":"https:\/\/plazajuarez.mx\/historico\/wp-json\/wp\/v2\/types\/post"}],"author":[{"embeddable":true,"href":"https:\/\/plazajuarez.mx\/historico\/wp-json\/wp\/v2\/users\/93"}],"replies":[{"embeddable":true,"href":"https:\/\/plazajuarez.mx\/historico\/wp-json\/wp\/v2\/comments?post=100712"}],"version-history":[{"count":0,"href":"https:\/\/plazajuarez.mx\/historico\/wp-json\/wp\/v2\/posts\/100712\/revisions"}],"wp:attachment":[{"href":"https:\/\/plazajuarez.mx\/historico\/wp-json\/wp\/v2\/media?parent=100712"}],"wp:term":[{"taxonomy":"category","embeddable":true,"href":"https:\/\/plazajuarez.mx\/historico\/wp-json\/wp\/v2\/categories?post=100712"},{"taxonomy":"post_tag","embeddable":true,"href":"https:\/\/plazajuarez.mx\/historico\/wp-json\/wp\/v2\/tags?post=100712"}],"curies":[{"name":"wp","href":"https:\/\/api.w.org\/{rel}","templated":true}]}}