{"id":100515,"date":"2020-03-05T14:40:44","date_gmt":"2020-03-05T14:40:44","guid":{"rendered":"http:\/\/plazajuarez.mx\/index\/index.php\/2020\/03\/05\/acusan-a-frida-guerrera-de-estar-financiada\/"},"modified":"2020-03-05T14:40:44","modified_gmt":"2020-03-05T14:40:44","slug":"acusan-a-frida-guerrera-de-estar-financiada","status":"publish","type":"post","link":"https:\/\/plazajuarez.mx\/historico\/acusan-a-frida-guerrera-de-estar-financiada\/","title":{"rendered":"Acusan a Frida Guerrera de estar financiada"},"content":{"rendered":"<p>Esc\u00e1ndalo al terminar la ma\u00f1anera de AMLO <\/p>\n<p>\u00a0\u00a0 \u00a0\u2022\u00a0\u00a0 \u00a0Ella increpa al periodista que la se\u00f1al\u00f3\u00a0\u2028<br \/>Olvera dijo que \u00e9l pidi\u00f3 una investigaci\u00f3n a una autoridad. La activista le dijo que no es una funcionaria ni autoridad<\/p>\n<p>  <!--more-->  <\/p>\n<p>AGENCIA EL UNIVERSAL.- Al t\u00e9rmino de la conferencia matutina de AMLO, los comunicadores Frida Guerrera y Marco Antonio Olvera discutieron luego de que el periodista del portal &#8220;Bajo Palabra&#8221; acus\u00f3 a la activista y a pol\u00edticos de estar financiados por George Soros.<br \/>Incluso, Olvera pidi\u00f3 al titular de la Unidad de Inteligencia Financiera de la Secretar\u00eda de Hacienda, Santiago Nieto, investigar a dichas personas.<br \/>&#8220;Yo no estoy apoyando el paro&#8221;, le dijo Frida Guerrera a Olvera, quien la acus\u00f3 de apoyar el paro de mujeres, del 9 de marzo.<br \/>&#8220;O sea, crees que yo voy a ponerme al nivel de un sujeto macho como t\u00fa. No te atrevas, siquiera a mencionar mi nombre antes de limpiarte la boca&#8221;, le esper\u00f3 Frida Guerrera.<br \/>Olvera dijo que \u00e9l pidi\u00f3 una investigaci\u00f3n a una autoridad, pero la activista. Ella le dijo que no es una funcionaria ni autoridad.<br \/>-Los se\u00f1alamientos en La Ma\u00f1anera<br \/>Previo a la discusi\u00f3n que ambos comunicadores sostuvieron, en el marco del D\u00eda Internacional de las Mujeres, que se celebra el 8 de marzo, y ante el Paro Nacional de Mujeres convocado para el 9 de marzo, AMLO asegur\u00f3 que no le enoja que se le cuestione sobre esto, debido a que es un experto en el tema de g\u00e9nero.<br \/>La activista y periodista Frida Guerrera denunci\u00f3 amenazas y acoso por parte de diversos sectores por su apoyo a la causa de mujeres. <br \/>AMLO se\u00f1al\u00f3 que en su gira por Zacatecas, el domingo 8 de marzo, Olga S\u00e1nchez Cordero tomar\u00e1 la palabra y entregar\u00e1 informe sobre las acciones que ha hecho para evitar la violencia contra este sector.<\/p>\n","protected":false},"excerpt":{"rendered":"<p>Esc\u00e1ndalo al terminar la ma\u00f1anera de AMLO \u00a0\u00a0 \u00a0\u2022\u00a0\u00a0 \u00a0Ella increpa al periodista que la se\u00f1al\u00f3\u00a0\u2028Olvera dijo que \u00e9l pidi\u00f3 una investigaci\u00f3n a una autoridad. La activista le dijo que no es una funcionaria ni autoridad<\/p>\n","protected":false},"author":93,"featured_media":0,"comment_status":"open","ping_status":"open","sticky":false,"template":"","format":"standard","meta":{"footnotes":""},"categories":[36],"tags":[],"class_list":["post-100515","post","type-post","status-publish","format-standard","hentry","category-nacion"],"_links":{"self":[{"href":"https:\/\/plazajuarez.mx\/historico\/wp-json\/wp\/v2\/posts\/100515","targetHints":{"allow":["GET"]}}],"collection":[{"href":"https:\/\/plazajuarez.mx\/historico\/wp-json\/wp\/v2\/posts"}],"about":[{"href":"https:\/\/plazajuarez.mx\/historico\/wp-json\/wp\/v2\/types\/post"}],"author":[{"embeddable":true,"href":"https:\/\/plazajuarez.mx\/historico\/wp-json\/wp\/v2\/users\/93"}],"replies":[{"embeddable":true,"href":"https:\/\/plazajuarez.mx\/historico\/wp-json\/wp\/v2\/comments?post=100515"}],"version-history":[{"count":0,"href":"https:\/\/plazajuarez.mx\/historico\/wp-json\/wp\/v2\/posts\/100515\/revisions"}],"wp:attachment":[{"href":"https:\/\/plazajuarez.mx\/historico\/wp-json\/wp\/v2\/media?parent=100515"}],"wp:term":[{"taxonomy":"category","embeddable":true,"href":"https:\/\/plazajuarez.mx\/historico\/wp-json\/wp\/v2\/categories?post=100515"},{"taxonomy":"post_tag","embeddable":true,"href":"https:\/\/plazajuarez.mx\/historico\/wp-json\/wp\/v2\/tags?post=100515"}],"curies":[{"name":"wp","href":"https:\/\/api.w.org\/{rel}","templated":true}]}}