{"id":100339,"date":"2020-03-03T15:06:50","date_gmt":"2020-03-03T15:06:50","guid":{"rendered":"http:\/\/plazajuarez.mx\/index\/index.php\/2020\/03\/03\/hermandad-elegida\/"},"modified":"2020-04-14T19:42:24","modified_gmt":"2020-04-14T19:42:24","slug":"hermandad-elegida","status":"publish","type":"post","link":"https:\/\/plazajuarez.mx\/historico\/hermandad-elegida\/","title":{"rendered":"Hermandad elegida"},"content":{"rendered":"<p>Letras y Memorias<\/p>\n<p>\u00a0\u00a0 \u00a0\u2022\u00a0\u00a0 \u00a0\u201cCuando quiera estar alegre, bastar\u00e1 cerrar los ojos para recordar historias de los taxis, nuestros mil fichajes\u2026\u201d\u2028<\/p>\n<p>  <!--more-->  <\/p>\n<p>Las memorias se llenan de regocijo porque, en medio de unas cuantas botanas y bebidas compartidas, radiantes como luceros se encuentran las sonrisas de quienes apapacharon este cuerpo en momentos de gran apremio y alegr\u00eda.<\/p>\n<p>Uno va por la vida conociendo personas, viendo rostros en las calles, en el transporte p\u00fablico y, ahora, de forma m\u00e1s novedosa y moderna, tenemos a\u00fan m\u00e1s rostros como si se tratara de un cat\u00e1logo, disponibles en la palma de la mano.<\/p>\n<p>As\u00ed transcurren los d\u00edas de la fugaz vida humana. Entre rutinas cambiantes y climas c\u00e1lidos o fr\u00edos, con la esperanza de seguir respirando un d\u00eda o un a\u00f1o m\u00e1s, llenando de planes las libretas y creando espacios en la vac\u00eda agenda s\u00f3lo para alcanzar una reuni\u00f3n cada vez m\u00e1s lejana, con las personas que entre carcajadas le dan a uno el respiro necesario para reiniciar el alma.<\/p>\n<p>\u00bfCu\u00e1ntas veces hemos perdido la oportunidad de compartir un trago con la camarader\u00eda nuestra, debido a la infamia que representa ser uno de esos adultos con deberes y responsabilidades? \u00bfCu\u00e1ntas veces se nos ha ido la oportunidad de desahogar los pesares en compa\u00f1\u00eda de los amigos, s\u00f3lo porque los dos o tres empleos de uno, resultan un impedimento?<\/p>\n<p>Con esas preguntas resonando en la cabeza es que miraba firmemente mi cerveza en d\u00edas pasados. Observaba c\u00f3mo la espuma de a poco se consum\u00eda en ese tarro y, me replanteaba la rutina que hab\u00eda absorbido buena parte de los d\u00edas. <\/p>\n<p>Y es que a veces, s\u00f3lo a veces, el cuerpo pide ser liberado de sus ataduras y, corremos a la hospitalidad que un amigo nos puede brindar en un espacio de nueve metros cuadrados. Corremos a ese lugar donde los recuerdos universitarios se vuelven frescas recreaciones de la vida pasada que con ternura nos sonri\u00f3, incluso cuando el cielo gris en nuestra cabeza amenazaba con llenar de tormentas los pensamientos.<\/p>\n<p>Muchas veces, queridos lectores, esos recuerdos que se convierten en una realidad v\u00edvida en este presente, le quitan a uno el peso que significa cargar el mundo en la espalda, como si de un Atlas nos trat\u00e1ramos. <\/p>\n<p>Muchas veces, mientras se improvisan foros de opini\u00f3n sobre batallas de rap y se dise\u00f1an posibles visitas a la Huasteca o a la costa, al atormentado ser se le olvida que existe una pandemia global, o que hay deudas que pagar y una boca que alimentar.<\/p>\n<p>Son los amigos, esa hermandad que nosotros elegimos, que los Dioses bendicen con aventuras y campeonatos de f\u00fatbol. Son ellos, los compa\u00f1eros de paseos y travesuras, quienes se vuelven los hermanos que nuestros padres no nos pudieron dar, pero que esta existencia se ha encargado de colocar en el camino para aferrarnos a que, en ocasiones, un viernes por la noche es m\u00e1s que una semana de vacaciones.<\/p>\n<p>Y es pues, una convivencia con ellos, ese momento en que se resetea todo el juego y a pesar de hablar de todo y nada, de Marx y de la chamba, de bebidas de cebada\u2026 lo que todos debemos experimentar y vivir al menos una vez por mes para corroborar que la cordura y la juventud, son una virtud del alma.<\/p>\n<p>\u00a1Hasta el pr\u00f3ximo martes!<\/p>\n<p>Postdata: Se debe aclarar que, tambi\u00e9n los desvelos amigables dejan estragos en uno. Seamos moderados cuando con amigos nos reunamos, por favor.\u00a0 <\/p>\n<p>Mi Twitter: @SoyOsmarEslava<\/p>\n","protected":false},"excerpt":{"rendered":"<p>Letras y Memorias \u00a0\u00a0 \u00a0\u2022\u00a0\u00a0 \u00a0\u201cCuando quiera estar alegre, bastar\u00e1 cerrar los ojos para recordar historias de los taxis, nuestros mil fichajes\u2026\u201d\u2028<\/p>\n","protected":false},"author":93,"featured_media":0,"comment_status":"open","ping_status":"open","sticky":false,"template":"","format":"standard","meta":{"footnotes":""},"categories":[42,84],"tags":[],"class_list":["post-100339","post","type-post","status-publish","format-standard","hentry","category-nuestrapalabra","category-osmar-eslava-marquez"],"_links":{"self":[{"href":"https:\/\/plazajuarez.mx\/historico\/wp-json\/wp\/v2\/posts\/100339","targetHints":{"allow":["GET"]}}],"collection":[{"href":"https:\/\/plazajuarez.mx\/historico\/wp-json\/wp\/v2\/posts"}],"about":[{"href":"https:\/\/plazajuarez.mx\/historico\/wp-json\/wp\/v2\/types\/post"}],"author":[{"embeddable":true,"href":"https:\/\/plazajuarez.mx\/historico\/wp-json\/wp\/v2\/users\/93"}],"replies":[{"embeddable":true,"href":"https:\/\/plazajuarez.mx\/historico\/wp-json\/wp\/v2\/comments?post=100339"}],"version-history":[{"count":0,"href":"https:\/\/plazajuarez.mx\/historico\/wp-json\/wp\/v2\/posts\/100339\/revisions"}],"wp:attachment":[{"href":"https:\/\/plazajuarez.mx\/historico\/wp-json\/wp\/v2\/media?parent=100339"}],"wp:term":[{"taxonomy":"category","embeddable":true,"href":"https:\/\/plazajuarez.mx\/historico\/wp-json\/wp\/v2\/categories?post=100339"},{"taxonomy":"post_tag","embeddable":true,"href":"https:\/\/plazajuarez.mx\/historico\/wp-json\/wp\/v2\/tags?post=100339"}],"curies":[{"name":"wp","href":"https:\/\/api.w.org\/{rel}","templated":true}]}}