{"id":100335,"date":"2020-03-03T00:59:21","date_gmt":"2020-03-03T00:59:21","guid":{"rendered":"http:\/\/plazajuarez.mx\/index\/index.php\/2020\/03\/03\/ine-reembolsa-a-morena-206-mdp-retenidos-a-peticion-de-yeidckol\/"},"modified":"2020-03-03T00:59:21","modified_gmt":"2020-03-03T00:59:21","slug":"ine-reembolsa-a-morena-206-mdp-retenidos-a-peticion-de-yeidckol","status":"publish","type":"post","link":"https:\/\/plazajuarez.mx\/historico\/ine-reembolsa-a-morena-206-mdp-retenidos-a-peticion-de-yeidckol\/","title":{"rendered":"INE reembolsa a Morena 206 mdp retenidos a petici\u00f3n de Yeidckol"},"content":{"rendered":"<p>El Instituto Nacional Electoral (INE) reembols\u00f3 a Morena 206.6 millones de pesos que hab\u00edan sido retenidos en enero y febrero a solicitud de la entonces secretaria general en funciones de presidenta morenista, Yeidckol Polevnsky. <!--more--> <\/p>\n<p>  Luego de la sentencia del Tribunal Electoral del Poder Judicial de la Federaci\u00f3n (TEPJF) que orden\u00f3 la semana pasada dejar sin efectos la renuncia al 75% de financiamiento de 2020 correspondiente a Morena \u2014solicitada por Polevnsky para que se devolviera a la Tesorer\u00eda de la Federaci\u00f3n (Tesofe) \u2014, el consejero presidente del INE, Lorenzo C\u00f3rdova, inform\u00f3 que la restituci\u00f3n del recurso ya se concret\u00f3.<\/p>\n<p>  As\u00ed en este mes Morena cont\u00f3 con un dep\u00f3sito de 344.4 millones de pesos, correspondiente a los 137.7 mdp que le tocan en este mes de marzo, m\u00e1s el reembolso de 206.6 mdp (equivalentes al 75% retenidos en los meses de enero y febrero).<\/p>\n<p>  En entrevista, C\u00f3rdova record\u00f3 que el TEPJF resolvi\u00f3 que el Consejo General del INE -y no su direcci\u00f3n de prerrogativas y partidos pol\u00edticos- debi\u00f3 aprobar en su sesi\u00f3n la solicitud de Morena, pero no dej\u00f3 sin efectos esa petici\u00f3n de renunciar al 75 % de financiamiento, por lo que \u00e9sta ser\u00e1 analizada &#8220;y si se aprueba se har\u00e1 la retenci\u00f3n para abril&#8221;.<\/p>\n<p>  Pero en su caso el Consejo General conocer\u00e1 una nueva solicitud si la presenta el nuevo presidente de Morena, Alfonso Ram\u00edrez Cu\u00e9llar. &#8220;Por lo pronto se le est\u00e1n devolviendo los recursos&#8221;.<\/p>\n<p>  El consejero presidente explic\u00f3 que ese reembolso fue posible porque en cuanto fue impugnado el acuerdo de retenci\u00f3n de financiamiento, el INE decidi\u00f3 no devolverlo de inmediato a la Tesofe, sino reservarlo, de lo contrario, &#8220;ese dinero si se regresaba [al erario] no se podr\u00eda devolver, si, como ocurri\u00f3, el Tribunal revocaba la decisi\u00f3n&#8221;.<\/p>\n<p>\n","protected":false},"excerpt":{"rendered":"<p>El Instituto Nacional Electoral (INE) reembols\u00f3 a Morena 206.6 millones de pesos que hab\u00edan sido retenidos en enero y febrero a solicitud de la entonces secretaria general en funciones de presidenta morenista, Yeidckol Polevnsky.<\/p>\n","protected":false},"author":93,"featured_media":0,"comment_status":"open","ping_status":"open","sticky":false,"template":"","format":"standard","meta":{"footnotes":""},"categories":[36],"tags":[],"class_list":["post-100335","post","type-post","status-publish","format-standard","hentry","category-nacion"],"_links":{"self":[{"href":"https:\/\/plazajuarez.mx\/historico\/wp-json\/wp\/v2\/posts\/100335","targetHints":{"allow":["GET"]}}],"collection":[{"href":"https:\/\/plazajuarez.mx\/historico\/wp-json\/wp\/v2\/posts"}],"about":[{"href":"https:\/\/plazajuarez.mx\/historico\/wp-json\/wp\/v2\/types\/post"}],"author":[{"embeddable":true,"href":"https:\/\/plazajuarez.mx\/historico\/wp-json\/wp\/v2\/users\/93"}],"replies":[{"embeddable":true,"href":"https:\/\/plazajuarez.mx\/historico\/wp-json\/wp\/v2\/comments?post=100335"}],"version-history":[{"count":0,"href":"https:\/\/plazajuarez.mx\/historico\/wp-json\/wp\/v2\/posts\/100335\/revisions"}],"wp:attachment":[{"href":"https:\/\/plazajuarez.mx\/historico\/wp-json\/wp\/v2\/media?parent=100335"}],"wp:term":[{"taxonomy":"category","embeddable":true,"href":"https:\/\/plazajuarez.mx\/historico\/wp-json\/wp\/v2\/categories?post=100335"},{"taxonomy":"post_tag","embeddable":true,"href":"https:\/\/plazajuarez.mx\/historico\/wp-json\/wp\/v2\/tags?post=100335"}],"curies":[{"name":"wp","href":"https:\/\/api.w.org\/{rel}","templated":true}]}}