{"id":100283,"date":"2020-03-02T05:24:15","date_gmt":"2020-03-02T05:24:15","guid":{"rendered":"http:\/\/plazajuarez.mx\/index\/index.php\/2020\/03\/02\/realizan-primera-edicion-de-dialogos-urbanos\/"},"modified":"2020-03-02T05:24:15","modified_gmt":"2020-03-02T05:24:15","slug":"realizan-primera-edicion-de-dialogos-urbanos","status":"publish","type":"post","link":"https:\/\/plazajuarez.mx\/historico\/realizan-primera-edicion-de-dialogos-urbanos\/","title":{"rendered":"Realizan primera edici\u00f3n de Di\u00e1logos Urbanos"},"content":{"rendered":"<p>SOCIEDAD CIVIL <br \/>*Organizaciones no gubernamentales abordaron temas para \u201ctransformar\u201d el entorno actual<\/p>\n<p>  <!--more-->  <\/p>\n<p>Por primera ocasi\u00f3n en Tulancingo, se llev\u00f3 a cabo en d\u00edas recientes el foro de Di\u00e1logos Urbanos; donde participaron exponentes de organizaciones no gubernamentales y autoridades del estado hablaron de los retos y oportunidades que tiene la sociedad en general para transformar el entorno donde vivimos.<\/p>\n<p>Al evento asistieron cerca de 80 personas (ni\u00f1os, j\u00f3venes, empresarios, tomadores de decisiones y medios de comunicaci\u00f3n) interesados en hacer comunidad y activarse de forma proactiva a favor de la movilidad y desarrollo sostenible de la ciudad.<\/p>\n<p>Al respecto Ricardo Bravo, miembro del Colectivo MUT, agradeci\u00f3 a todas las personas involucradas al proyecto (patrocinadores, familiares, amigos e integrantes del colectivo) por hacer posible el evento, y ante ellos present\u00f3 la iniciativa Di\u00e1logos Urbanos, que tiene como objetivo principal hacer comunidad en Tulancingo.<\/p>\n<p>Antonio Valdivia, integrante de la ONG CoRe, destac\u00f3 la importancia que tiene la sociedad para impulsar acciones que favorezcan el entorno que habitamos, a trav\u00e9s de la conciliaci\u00f3n ciudadana.<\/p>\n<p>Por su parte, Agust\u00edn Mart\u00ednez, presidente de BICITEKAS, mencion\u00f3 que los diferentes sectores de la sociedad (p\u00fablico, privado, academia y sociedad civil en general) transitan de forma independiente afectando el desarrollo de la ciudades, e hizo un llamado a la poblaci\u00f3n de Tulancingo, para ser personas m\u00e1s emp\u00e1ticas y participativas en la toma de decisiones de la comunidad. <\/p>\n<p>Finalmente, Alberto Ram\u00edrez, en representaci\u00f3n de la Secretar\u00eda de Movilidad y Transporte de Hidalgo, se\u00f1al\u00f3 que la dependencia estatal est\u00e1 trabajando de forma coordinada con los 84 municipios del estado, teniendo un enlace directo con los ayuntamientos que fomenten la movilidad sustentable en la ciudad.<\/p>\n<p>Al finalizar el evento, se realiz\u00f3 un convivio entre los participantes y ponentes donde pudieron aclarar algunas dudas respecto a movilidad y la cultura de la movilidad sustentable.<\/p>\n","protected":false},"excerpt":{"rendered":"<p>SOCIEDAD CIVIL *Organizaciones no gubernamentales abordaron temas para \u201ctransformar\u201d el entorno actual<\/p>\n","protected":false},"author":93,"featured_media":0,"comment_status":"open","ping_status":"open","sticky":false,"template":"","format":"standard","meta":{"footnotes":""},"categories":[40],"tags":[],"class_list":["post-100283","post","type-post","status-publish","format-standard","hentry","category-region"],"_links":{"self":[{"href":"https:\/\/plazajuarez.mx\/historico\/wp-json\/wp\/v2\/posts\/100283","targetHints":{"allow":["GET"]}}],"collection":[{"href":"https:\/\/plazajuarez.mx\/historico\/wp-json\/wp\/v2\/posts"}],"about":[{"href":"https:\/\/plazajuarez.mx\/historico\/wp-json\/wp\/v2\/types\/post"}],"author":[{"embeddable":true,"href":"https:\/\/plazajuarez.mx\/historico\/wp-json\/wp\/v2\/users\/93"}],"replies":[{"embeddable":true,"href":"https:\/\/plazajuarez.mx\/historico\/wp-json\/wp\/v2\/comments?post=100283"}],"version-history":[{"count":0,"href":"https:\/\/plazajuarez.mx\/historico\/wp-json\/wp\/v2\/posts\/100283\/revisions"}],"wp:attachment":[{"href":"https:\/\/plazajuarez.mx\/historico\/wp-json\/wp\/v2\/media?parent=100283"}],"wp:term":[{"taxonomy":"category","embeddable":true,"href":"https:\/\/plazajuarez.mx\/historico\/wp-json\/wp\/v2\/categories?post=100283"},{"taxonomy":"post_tag","embeddable":true,"href":"https:\/\/plazajuarez.mx\/historico\/wp-json\/wp\/v2\/tags?post=100283"}],"curies":[{"name":"wp","href":"https:\/\/api.w.org\/{rel}","templated":true}]}}