{"id":100269,"date":"2020-03-01T15:08:47","date_gmt":"2020-03-01T15:08:47","guid":{"rendered":"http:\/\/plazajuarez.mx\/index\/index.php\/2020\/03\/01\/ricardo-raphael-busca-el-origen-de-la-tragedia-de-mexico\/"},"modified":"2020-03-01T15:08:47","modified_gmt":"2020-03-01T15:08:47","slug":"ricardo-raphael-busca-el-origen-de-la-tragedia-de-mexico","status":"publish","type":"post","link":"https:\/\/plazajuarez.mx\/historico\/ricardo-raphael-busca-el-origen-de-la-tragedia-de-mexico\/","title":{"rendered":"Ricardo Raphael busca el origen de la tragedia de M\u00e9xico\u2028\u2028\u2028"},"content":{"rendered":"<p>\u201cHIJO DE LA GUERRA\u201d \u00a0 \u00a0 <br \/>\u00a0\u00a0 \u00a0\u2022\u00a0\u00a0 \u00a0Su primera novela que bucea en la maldad de los seres humanos y reconstruye la gran tragedia de M\u00e9xico impuesta por el narcotr\u00e1fico\u2028<\/p>\n<p>  <!--more-->  <\/p>\n<p>Ricardo Raphael asegura que &#8220;no hay manera de acercarse a la violencia sin que muy r\u00e1pido sea un espejo de la propia violencia. Ese s\u00ed fue un aprendizaje muy duro y desestructurador&#8221;, as\u00ed lo expresa el periodista y escritor al hablar de Hijo de la guerra (Seix Barral), su primera novela que bucea en la maldad de los seres humanos y reconstruye la gran tragedia de M\u00e9xico impuesta por el narcotr\u00e1fico.\u2028Afirma en entrevista que este relato de no ficci\u00f3n tiene muchos registros, principalmente plantea la historia de la guerra del narco, que es el escenario; pero en realidad es un espejo de la violencia masculina y su confrontaci\u00f3n que no se ha dado en la sociedad.\u2028&#8221;Al final me doy cuenta que el par\u00e1metro de violencia de Galdino Mellado Cruz, que dice ser el Zeta 9 \u2014el protagonista de la novela\u2014, no es tan distinto al par\u00e1metro de violencia en el que yo crec\u00ed; es decir, que la mirada de la mujer como ornato, como objeto prescindible, la mirada de la masculinidad a partir de la fuerza y del mandato masculino, las bromas, el lenguaje tan masculino y el horror, todo juega en la identidad y el valor masculino que s\u00ed es un mandato de violencia actual&#8221;, asegura el escritor en entrevista.\u2028Durante 18 meses, todos los mi\u00e9rcoles, Ricardo Raphael acudi\u00f3 a la prisi\u00f3n de Chiconautla para entrevistar a Juan Luis Vallejos de la Sancha, quien dec\u00eda ser Galdino Mellado Cruz, un muerto viviente, pues en 2010 la PGR inform\u00f3 de su muerte. La idea que ten\u00eda el escritor era hacer una biograf\u00eda de quien dec\u00eda haber sido el Zeta 9; pero pronto supo que ten\u00eda que escribir una novela: &#8220;uno no elige al g\u00e9nero, sino que el tema elige su propio g\u00e9nero&#8221;, asegura.\u2028Lo que Ricardo Raphael quer\u00eda era entender el origen de la maldad.\u2028&#8221;El tel\u00f3n de fondo de la historia es la violencia, la formaci\u00f3n de los Zetas, la corrupci\u00f3n del Estado; una vez que sit\u00fae el escenario, lo que m\u00e1s me import\u00f3 fueron los resortes m\u00e1s \u00edntimos y m\u00e1s personales, m\u00e1s psicol\u00f3gicos, m\u00e1s subjetivos del personaje que fue entre much\u00edsimos otros un art\u00edfice del mal&#8221;.\u2028Para llegar a esa exploraci\u00f3n profunda de la maldad, el tambi\u00e9n autor del Mirreynato y Periodismo urgente opt\u00f3 por escribir una novela que transita entre la ficci\u00f3n y la realidad y est\u00e1 contada a dos bandas y a dos voces: la de un criminal, que es Juan Luis Vallejos de la Sancha o Galdino Mellado Cruz o el Zeta 9, y la del periodista, que sin duda se parece a \u00e9l, a Ricardo Raphael.<br \/>\u00a0<br \/>\u00a0<br \/>Presenta su novela en el sal\u00f3n de la Academia de Ingenier\u00eda, en el marco de la Feria Internacional del Libro del Palacio de Miner\u00eda<\/p>\n","protected":false},"excerpt":{"rendered":"<p>\u201cHIJO DE LA GUERRA\u201d \u00a0 \u00a0 \u00a0\u00a0 \u00a0\u2022\u00a0\u00a0 \u00a0Su primera novela que bucea en la maldad de los seres humanos y reconstruye la gran tragedia de M\u00e9xico impuesta por el narcotr\u00e1fico\u2028<\/p>\n","protected":false},"author":93,"featured_media":0,"comment_status":"open","ping_status":"open","sticky":false,"template":"","format":"standard","meta":{"footnotes":""},"categories":[41],"tags":[],"class_list":["post-100269","post","type-post","status-publish","format-standard","hentry","category-arteria-cultural"],"_links":{"self":[{"href":"https:\/\/plazajuarez.mx\/historico\/wp-json\/wp\/v2\/posts\/100269","targetHints":{"allow":["GET"]}}],"collection":[{"href":"https:\/\/plazajuarez.mx\/historico\/wp-json\/wp\/v2\/posts"}],"about":[{"href":"https:\/\/plazajuarez.mx\/historico\/wp-json\/wp\/v2\/types\/post"}],"author":[{"embeddable":true,"href":"https:\/\/plazajuarez.mx\/historico\/wp-json\/wp\/v2\/users\/93"}],"replies":[{"embeddable":true,"href":"https:\/\/plazajuarez.mx\/historico\/wp-json\/wp\/v2\/comments?post=100269"}],"version-history":[{"count":0,"href":"https:\/\/plazajuarez.mx\/historico\/wp-json\/wp\/v2\/posts\/100269\/revisions"}],"wp:attachment":[{"href":"https:\/\/plazajuarez.mx\/historico\/wp-json\/wp\/v2\/media?parent=100269"}],"wp:term":[{"taxonomy":"category","embeddable":true,"href":"https:\/\/plazajuarez.mx\/historico\/wp-json\/wp\/v2\/categories?post=100269"},{"taxonomy":"post_tag","embeddable":true,"href":"https:\/\/plazajuarez.mx\/historico\/wp-json\/wp\/v2\/tags?post=100269"}],"curies":[{"name":"wp","href":"https:\/\/api.w.org\/{rel}","templated":true}]}}