{"id":100268,"date":"2020-03-01T15:08:41","date_gmt":"2020-03-01T15:08:41","guid":{"rendered":"http:\/\/plazajuarez.mx\/index\/index.php\/2020\/03\/01\/efiartes-apoyara-tambien-la-edicion-y-publicacion-de-obras-literarias\/"},"modified":"2020-03-01T15:08:41","modified_gmt":"2020-03-01T15:08:41","slug":"efiartes-apoyara-tambien-la-edicion-y-publicacion-de-obras-literarias","status":"publish","type":"post","link":"https:\/\/plazajuarez.mx\/historico\/efiartes-apoyara-tambien-la-edicion-y-publicacion-de-obras-literarias\/","title":{"rendered":"Efiartes apoyar\u00e1 tambi\u00e9n la edici\u00f3n y publicaci\u00f3n de obras literarias\u2028\u2028\u2028"},"content":{"rendered":"<p>EST\u00cdMULOS FISCALES A LAS ARTES\u00a0 \u00a0 <br \/>\u00a0\u00a0 \u00a0\u2022\u00a0\u00a0 \u00a0De acuerdo con el documento, se apoyar\u00e1n a las obras literarias nacionales que centren su valor en la creaci\u00f3n de obras originales con valores literarios o que impulsen nuevas propuestas\u2028<\/p>\n<p>  <!--more-->  <\/p>\n<p>El Diario Oficial de la Federaci\u00f3n public\u00f3 una modificaci\u00f3n a las reglas generales de los Est\u00edmulos Fiscales a las Artes (Efiartes), con la que se suma la edici\u00f3n y publicaci\u00f3n de Obras Literarias Nacionales, a los proyectos de inversi\u00f3n en la Producci\u00f3n Teatral Nacional; de Artes Visuales; Danza; M\u00fasica en los Campos espec\u00edficos de Direcci\u00f3n de Orquesta, Ejecuci\u00f3n Instrumental y Vocal de la M\u00fasica de Concierto, y Jazz.\u2028De acuerdo con el documento, se apoyar\u00e1n a las obras literarias nacionales que centren su valor en la creaci\u00f3n de obras originales con valores literarios o que impulsen nuevas propuestas; se consideran obras literarias: Poes\u00eda, Ensayo, Cuento, Novela, Cr\u00f3nica, Dramaturgia y las especializadas en arte y cultura. Adem\u00e1s, no podr\u00e1n participar proyectos relacionados con la edici\u00f3n y publicaci\u00f3n de libros de texto, libros t\u00e9cnicos, de referencia, de consulta o los considerados de autoayuda.\u2028Mientras que para las obras de traducci\u00f3n se deben contar ya con los derechos de autorizaci\u00f3n y los derechos de autor. Para ser consideradas obras y exposiciones con valores culturales y art\u00edsticos, sus caracter\u00edsticas deber\u00e1n enriquecer el patrimonio cultural del pa\u00eds.\u2028Adem\u00e1s, los proyectos de inversi\u00f3n en la edici\u00f3n y publicaci\u00f3n de obras literarias que participen en el est\u00edmulo fiscal deber\u00e1n considerar un tiraje m\u00ednimo de mil ejemplares.\u2028El Efiartes es un est\u00edmulo fiscal para los contribuyentes del impuesto sobre la renta que otorga el Art\u00edculo 190 de la Ley del Impuesto sobre la Renta, con el fin de apoyar a los Proyectos de Inversi\u00f3n en la Producci\u00f3n Teatral Nacional; de Artes Visuales; Danza; M\u00fasica en los Campos espec\u00edficos de Direcci\u00f3n de Orquesta, Ejecuci\u00f3n Instrumental y Vocal de la M\u00fasica de Concierto y Jazz.\u2028A trav\u00e9s de Efiartes, los contribuyentes que aporten a estos Proyectos de Inversi\u00f3n autorizados por el Comit\u00e9 Interinstitucional, creado por el INBAL, pueden obtener un cr\u00e9dito fiscal, equivalente al monto de su aportaci\u00f3n, aplicable contra el impuesto sobre la renta del ejercicio en el que se determine el cr\u00e9dito.<\/p>\n","protected":false},"excerpt":{"rendered":"<p>EST\u00cdMULOS FISCALES A LAS ARTES\u00a0 \u00a0 \u00a0\u00a0 \u00a0\u2022\u00a0\u00a0 \u00a0De acuerdo con el documento, se apoyar\u00e1n a las obras literarias nacionales que centren su valor en la creaci\u00f3n de obras originales con valores literarios o que impulsen nuevas propuestas\u2028<\/p>\n","protected":false},"author":93,"featured_media":0,"comment_status":"open","ping_status":"open","sticky":false,"template":"","format":"standard","meta":{"footnotes":""},"categories":[41],"tags":[],"class_list":["post-100268","post","type-post","status-publish","format-standard","hentry","category-arteria-cultural"],"_links":{"self":[{"href":"https:\/\/plazajuarez.mx\/historico\/wp-json\/wp\/v2\/posts\/100268","targetHints":{"allow":["GET"]}}],"collection":[{"href":"https:\/\/plazajuarez.mx\/historico\/wp-json\/wp\/v2\/posts"}],"about":[{"href":"https:\/\/plazajuarez.mx\/historico\/wp-json\/wp\/v2\/types\/post"}],"author":[{"embeddable":true,"href":"https:\/\/plazajuarez.mx\/historico\/wp-json\/wp\/v2\/users\/93"}],"replies":[{"embeddable":true,"href":"https:\/\/plazajuarez.mx\/historico\/wp-json\/wp\/v2\/comments?post=100268"}],"version-history":[{"count":0,"href":"https:\/\/plazajuarez.mx\/historico\/wp-json\/wp\/v2\/posts\/100268\/revisions"}],"wp:attachment":[{"href":"https:\/\/plazajuarez.mx\/historico\/wp-json\/wp\/v2\/media?parent=100268"}],"wp:term":[{"taxonomy":"category","embeddable":true,"href":"https:\/\/plazajuarez.mx\/historico\/wp-json\/wp\/v2\/categories?post=100268"},{"taxonomy":"post_tag","embeddable":true,"href":"https:\/\/plazajuarez.mx\/historico\/wp-json\/wp\/v2\/tags?post=100268"}],"curies":[{"name":"wp","href":"https:\/\/api.w.org\/{rel}","templated":true}]}}