{"id":100267,"date":"2020-03-01T15:08:39","date_gmt":"2020-03-01T15:08:39","guid":{"rendered":"http:\/\/plazajuarez.mx\/index\/index.php\/2020\/03\/01\/desintegracion-familiar-2\/"},"modified":"2020-03-01T15:08:39","modified_gmt":"2020-03-01T15:08:39","slug":"desintegracion-familiar-2","status":"publish","type":"post","link":"https:\/\/plazajuarez.mx\/historico\/desintegracion-familiar-2\/","title":{"rendered":"Desintegraci\u00f3n familiar"},"content":{"rendered":"<p>CINE DE HOY<br \/>\u00a0\u00a0\u00a0 \u2022\u00a0\u00a0 \u00a0El gui\u00f3n del propio realizador narra la historia en dos tiempos de una exitosa familia afroamericana que sufre una crisis\u2028<\/p>\n<p>  <!--more-->  <\/p>\n<p>En una de las salas de la Cineteca Nacional se ha estrenado Las olas el m\u00e1s reciente filme de Trey Edward Schultz quien alcanz\u00f3 gran fama con su filme anterior, Vienen de noche.<br \/>El gui\u00f3n del propio realizador narra la historia en dos tiempos de una exitosa familia afroamericana que sufre una crisis.<br \/>En el primero, narra la historia del joven Tyler (Kelvin Harrison Junior) quien es un prometedor luchador que espera obtener una beca universitaria, mientras es entrenado por su exigente padre Ronald (Sterling Brown).<br \/>Pero de un momento a otro su futuro parece irse por la borda. Sufre de una grave lesi\u00f3n en el hombro, que decide ocultarle a su padre, y su novia Alexis (Alexa Demie) le anuncia que est\u00e1 embarazada y se niega a abortar, lo que provoca que el joven la mate en un acceso de ira.<br \/>En el segundo tiempo vemos a la hija Emily (Taylor Russell) vivir con el peso del crimen de su hermano y tratar de impedir la desintegraci\u00f3n de su familia, mientras encuentra el amor, con el resentido Ryan (David Garelik).<br \/>Aunque el director Schultz es blanco, tiene un profundo conocimiento del \u00e1mbito afroamericano y trata de reflejar el sentimiento de p\u00e9rdida que experiment\u00f3 por la reciente p\u00e9rdida de su padre.<br \/>Aqu\u00ed ha conseguido un conmovedor resultado con un buen elenco de actores poco conocidos.<br \/>The waves resulta un estremecedor relato sobre la desintegraci\u00f3n familiar y del poder del perd\u00f3n y el amor.\u00a0\u00a0 <\/p>\n","protected":false},"excerpt":{"rendered":"<p>CINE DE HOY\u00a0\u00a0\u00a0 \u2022\u00a0\u00a0 \u00a0El gui\u00f3n del propio realizador narra la historia en dos tiempos de una exitosa familia afroamericana que sufre una crisis\u2028<\/p>\n","protected":false},"author":93,"featured_media":0,"comment_status":"open","ping_status":"open","sticky":false,"template":"","format":"standard","meta":{"footnotes":""},"categories":[41],"tags":[],"class_list":["post-100267","post","type-post","status-publish","format-standard","hentry","category-arteria-cultural"],"_links":{"self":[{"href":"https:\/\/plazajuarez.mx\/historico\/wp-json\/wp\/v2\/posts\/100267","targetHints":{"allow":["GET"]}}],"collection":[{"href":"https:\/\/plazajuarez.mx\/historico\/wp-json\/wp\/v2\/posts"}],"about":[{"href":"https:\/\/plazajuarez.mx\/historico\/wp-json\/wp\/v2\/types\/post"}],"author":[{"embeddable":true,"href":"https:\/\/plazajuarez.mx\/historico\/wp-json\/wp\/v2\/users\/93"}],"replies":[{"embeddable":true,"href":"https:\/\/plazajuarez.mx\/historico\/wp-json\/wp\/v2\/comments?post=100267"}],"version-history":[{"count":0,"href":"https:\/\/plazajuarez.mx\/historico\/wp-json\/wp\/v2\/posts\/100267\/revisions"}],"wp:attachment":[{"href":"https:\/\/plazajuarez.mx\/historico\/wp-json\/wp\/v2\/media?parent=100267"}],"wp:term":[{"taxonomy":"category","embeddable":true,"href":"https:\/\/plazajuarez.mx\/historico\/wp-json\/wp\/v2\/categories?post=100267"},{"taxonomy":"post_tag","embeddable":true,"href":"https:\/\/plazajuarez.mx\/historico\/wp-json\/wp\/v2\/tags?post=100267"}],"curies":[{"name":"wp","href":"https:\/\/api.w.org\/{rel}","templated":true}]}}