{"id":100266,"date":"2020-03-01T15:08:42","date_gmt":"2020-03-01T15:08:42","guid":{"rendered":"http:\/\/plazajuarez.mx\/index\/index.php\/2020\/03\/01\/me-rechazaban-por-ser-televiso-syntek\/"},"modified":"2020-03-01T15:08:42","modified_gmt":"2020-03-01T15:08:42","slug":"me-rechazaban-por-ser-televiso-syntek","status":"publish","type":"post","link":"https:\/\/plazajuarez.mx\/historico\/me-rechazaban-por-ser-televiso-syntek\/","title":{"rendered":"ME RECHAZABAN POR SER TELEVISO: SYNTEK"},"content":{"rendered":"<p>\u00a0\u00a0\u00a0 \u2022\u00a0\u00a0 \u00a0Ofreci\u00f3 la conferencia &#8220;La m\u00fasica como gu\u00eda de vida&#8221;, en la cual habl\u00f3 de las dificultades por las que atraves\u00f3 antes de obtener el \u00e9xito en su carrera\u2028<\/p>\n<p>  <!--more-->  <\/p>\n<p>Con el prop\u00f3sito de dejar un mensaje de superaci\u00f3n personal, el cantante Aleks Syntek ofreci\u00f3 la conferencia &#8220;La m\u00fasica como gu\u00eda de vida&#8221;, en la cual habl\u00f3 de las dificultades por las que atraves\u00f3 antes de obtener el \u00e9xito en su carrera.\u2028&#8221;Me pusieron un estigma: &#8216;t\u00fa eres comediante, televiso&#8217;, entonces yo llegaba a las disqueras a dejar mis canciones y me dec\u00edan: &#8216;no, vete a contar chistes, \u00e1ndale, ll\u00e9gale&#8217;, entonces fue muy complicado al principio porque tuve que ganarme ese derecho de piso&#8221;, dijo Aleks.\u2028La pl\u00e1tica fue dada en el marco de la expo EIS (Event Industry Show), que se especializa y dirige a la industria de eventos.\u2028&#8221;Cuando sub\u00eda a un escenario, recuerdo que las ni\u00f1as me dec\u00edan: &#8216;queremos a Pablo Ruiz&#8217;. Lo curioso es que han pasado 30 a\u00f1os y aqu\u00ed sigo haciendo lo que m\u00e1s me gusta, expresarme a trav\u00e9s de la m\u00fasica&#8221;.\u2028Despu\u00e9s de su salida de &#8220;Chiquilladas&#8221;, el m\u00fasico record\u00f3 que fund\u00f3 su banda Aleks Syntek y la Gente Normal, pero no funcion\u00f3, especialmente porque cantaban rock.\u2028&#8221;Quer\u00edamos ser diferentes a lo que estaba pasando en ese momento, hab\u00eda muchos baladistas. Una cosa que la gente ignora much\u00edsimo es que el presidente (Luis) Echeverr\u00eda prohibi\u00f3 los conciertos de rock en M\u00e9xico despu\u00e9s de Av\u00e1ndaro (1971) y se inventaron que hab\u00eda sido terrible, que los saqueos, las violaciones.\u2028&#8221;En realidad lo que quer\u00eda el gobierno, es que los j\u00f3venes no se juntaran a pensar unos con otros. Fue bien duro, lo m\u00e1s hardcore era ir a ver a Timbiriche en concierto&#8221;.\u2028Y aunque pasaron algunos a\u00f1os, coment\u00f3 que nunca se dio por vencido y hasta trabaj\u00f3 grabando para algunos comerciales.\u2028&#8221;Creo que ha sido s\u00faper relevante para m\u00ed tocar puertas, subirme al escenario. Los primeros conciertos que di fueron en el Teatro Ferrocarrilero y s\u00f3lo en la primera fila hab\u00eda gente, se siente bien feo, pero todos empezamos as\u00ed, yo no empec\u00e9 con Auditorios llenos&#8221;.\u2028Fue as\u00ed que el mexicano expuso que sin esperarlo el \u00e9xito lleg\u00f3 a su vida y eso puede pasar con cualquiera que no deja de luchar.\u2028&#8221;En toda mi carrera las cosas m\u00e1s maravillosas me han pasado por la puerta de atr\u00e1s y en donde menos me imagino, as\u00ed lleg\u00f3 &#8216;Sexo, pudor y l\u00e1grimas&#8217;, que se convirti\u00f3 en parte de la cultura popular&#8221;, exclam\u00f3.<br \/>Fue as\u00ed que el mexicano expuso que sin esperarlo el \u00e9xito lleg\u00f3 a su vida y eso puede pasar con cualquiera que no deja de luchar.<\/p>\n","protected":false},"excerpt":{"rendered":"<p>\u00a0\u00a0\u00a0 \u2022\u00a0\u00a0 \u00a0Ofreci\u00f3 la conferencia &#8220;La m\u00fasica como gu\u00eda de vida&#8221;, en la cual habl\u00f3 de las dificultades por las que atraves\u00f3 antes de obtener el \u00e9xito en su carrera\u2028<\/p>\n","protected":false},"author":93,"featured_media":0,"comment_status":"open","ping_status":"open","sticky":false,"template":"","format":"standard","meta":{"footnotes":""},"categories":[38],"tags":[],"class_list":["post-100266","post","type-post","status-publish","format-standard","hentry","category-show"],"_links":{"self":[{"href":"https:\/\/plazajuarez.mx\/historico\/wp-json\/wp\/v2\/posts\/100266","targetHints":{"allow":["GET"]}}],"collection":[{"href":"https:\/\/plazajuarez.mx\/historico\/wp-json\/wp\/v2\/posts"}],"about":[{"href":"https:\/\/plazajuarez.mx\/historico\/wp-json\/wp\/v2\/types\/post"}],"author":[{"embeddable":true,"href":"https:\/\/plazajuarez.mx\/historico\/wp-json\/wp\/v2\/users\/93"}],"replies":[{"embeddable":true,"href":"https:\/\/plazajuarez.mx\/historico\/wp-json\/wp\/v2\/comments?post=100266"}],"version-history":[{"count":0,"href":"https:\/\/plazajuarez.mx\/historico\/wp-json\/wp\/v2\/posts\/100266\/revisions"}],"wp:attachment":[{"href":"https:\/\/plazajuarez.mx\/historico\/wp-json\/wp\/v2\/media?parent=100266"}],"wp:term":[{"taxonomy":"category","embeddable":true,"href":"https:\/\/plazajuarez.mx\/historico\/wp-json\/wp\/v2\/categories?post=100266"},{"taxonomy":"post_tag","embeddable":true,"href":"https:\/\/plazajuarez.mx\/historico\/wp-json\/wp\/v2\/tags?post=100266"}],"curies":[{"name":"wp","href":"https:\/\/api.w.org\/{rel}","templated":true}]}}