{"id":100265,"date":"2020-03-01T15:08:38","date_gmt":"2020-03-01T15:08:38","guid":{"rendered":"http:\/\/plazajuarez.mx\/index\/index.php\/2020\/03\/01\/ninel-conde-confiesa-que-siempre-seguia-a-lucero-i\/"},"modified":"2020-03-01T15:08:38","modified_gmt":"2020-03-01T15:08:38","slug":"ninel-conde-confiesa-que-siempre-seguia-a-lucero-i","status":"publish","type":"post","link":"https:\/\/plazajuarez.mx\/historico\/ninel-conde-confiesa-que-siempre-seguia-a-lucero-i\/","title":{"rendered":"NINEL CONDE CONFIESA QUE SIEMPRE SEGU\u00cdA A LUCERO\u2028\u2028I"},"content":{"rendered":"<p>SE DIJO QUE LLEG\u00d3 A ACOSARLA \u00a0<\/p>\n<p>  <!--more-->  <\/p>\n<p>Ninel Conde confes\u00f3 en un programa de televisi\u00f3n, la gran admiraci\u00f3n que ha tenido por Lucero desde que era tan solo una ni\u00f1a e, incluso, se dijo que lleg\u00f3 a acosarla.\u2028&#8221;Ella iba a la escuela conmigo, \u00edbamos en la Academia Madox, era de monjas y ella iba en secundaria, yo la esperaba porque yo estaba en otro horario de la primaria y la esperaba porque la llevaban a la direcci\u00f3n para que la recogiera su mam\u00e1, porque pues obviamente las chavitas la segu\u00edamos porque ya era famosa&#8221;, comenz\u00f3 a relatar Ninel a Yordi Rosado en el programa &#8220;La \u00faltima y nos vamos&#8221;.\u2028Ninel coment\u00f3 que fue de ah\u00ed que naci\u00f3 su gusto por la far\u00e1ndula. &#8220;Yo dec\u00eda: &#8216;un d\u00eda voy a ser artista como ella&#8217;. La admiraba much\u00edsimo, la esperaba con una flor afuera de la direcci\u00f3n&#8221;, coment\u00f3 emocionada.\u2028Tambi\u00e9n se paraba frente al espejo a cantar los temas de Lucero, &#8220;era un sue\u00f1o, desde los 4 a\u00f1os so\u00f1aba con ser cantante, agarraba los sprays de cabello de mi mam\u00e1 y eran mi micr\u00f3fono&#8221;.<br \/>Ninel Conde confes\u00f3 en un programa de televisi\u00f3n, la gran admiraci\u00f3n que ha tenido por Lucero desde que era tan solo una ni\u00f1a.<\/p>\n<p><\/p>\n","protected":false},"excerpt":{"rendered":"<p>SE DIJO QUE LLEG\u00d3 A ACOSARLA \u00a0<\/p>\n","protected":false},"author":93,"featured_media":0,"comment_status":"open","ping_status":"open","sticky":false,"template":"","format":"standard","meta":{"footnotes":""},"categories":[38],"tags":[],"class_list":["post-100265","post","type-post","status-publish","format-standard","hentry","category-show"],"_links":{"self":[{"href":"https:\/\/plazajuarez.mx\/historico\/wp-json\/wp\/v2\/posts\/100265","targetHints":{"allow":["GET"]}}],"collection":[{"href":"https:\/\/plazajuarez.mx\/historico\/wp-json\/wp\/v2\/posts"}],"about":[{"href":"https:\/\/plazajuarez.mx\/historico\/wp-json\/wp\/v2\/types\/post"}],"author":[{"embeddable":true,"href":"https:\/\/plazajuarez.mx\/historico\/wp-json\/wp\/v2\/users\/93"}],"replies":[{"embeddable":true,"href":"https:\/\/plazajuarez.mx\/historico\/wp-json\/wp\/v2\/comments?post=100265"}],"version-history":[{"count":0,"href":"https:\/\/plazajuarez.mx\/historico\/wp-json\/wp\/v2\/posts\/100265\/revisions"}],"wp:attachment":[{"href":"https:\/\/plazajuarez.mx\/historico\/wp-json\/wp\/v2\/media?parent=100265"}],"wp:term":[{"taxonomy":"category","embeddable":true,"href":"https:\/\/plazajuarez.mx\/historico\/wp-json\/wp\/v2\/categories?post=100265"},{"taxonomy":"post_tag","embeddable":true,"href":"https:\/\/plazajuarez.mx\/historico\/wp-json\/wp\/v2\/tags?post=100265"}],"curies":[{"name":"wp","href":"https:\/\/api.w.org\/{rel}","templated":true}]}}