{"id":100264,"date":"2020-03-01T15:08:39","date_gmt":"2020-03-01T15:08:39","guid":{"rendered":"http:\/\/plazajuarez.mx\/index\/index.php\/2020\/03\/01\/kany-garcia-vuelve-a-su-genesis\/"},"modified":"2020-03-01T15:08:39","modified_gmt":"2020-03-01T15:08:39","slug":"kany-garcia-vuelve-a-su-genesis","status":"publish","type":"post","link":"https:\/\/plazajuarez.mx\/historico\/kany-garcia-vuelve-a-su-genesis\/","title":{"rendered":"KANY GARC\u00cdA VUELVE A SU G\u00c9NESIS"},"content":{"rendered":"<p>PROMOCIONA SU NUEVO \u00c1LBUM\u00a0 \u00a0 <br \/>\u00a0\u00a0 \u00a0\u2022\u00a0\u00a0 \u00a0El pr\u00f3ximo 7 de marzo ser\u00e1 la primera vez que la puertorrique\u00f1a se presente en el puerto de Acapulco\u2028<\/p>\n<p>  <!--more-->  <\/p>\n<p>Para Kany Garc\u00eda, la ciudad de Acapulco forma parte de su carrera musical aunque nunca ha hecho un concierto ah\u00ed.\u2028&#8221;Un video de mi primer \u00e1lbum lo hicimos en Acapulco y lo disfrut\u00e9 much\u00edsimo, es una ciudad que conozco hace mucho pero en la que no hab\u00eda tenido la oportunidad de presentar un show en vivo&#8221;, cont\u00f3 la cantante.\u2028El pr\u00f3ximo 7 de marzo ser\u00e1 la primera vez que la puertorrique\u00f1a se presente en el puerto. F\u00f3rum Mundo Imperial ser\u00e1 la sede del concierto con el que, adem\u00e1s, cerrar\u00e1 la gira en M\u00e9xico con la que promociona su nuevo \u00e1lbum &#8220;Contra el viento&#8221;.\u2028&#8221;Voy con todos mis m\u00fasicos y la idea es hacer un poco de todo, que la gente pueda vivir lo que es el tour y cantar las canciones que hace tiempo no he tenido oportunidad de cantar&#8221;, indic\u00f3.\u2028Este encuentro significa mucho, por lo que durante el show har\u00e1 un recorrido musical que satisfaga a sus seguidores de anta\u00f1o, quienes viven en Acapulco y nunca la han escuchado.\u2028&#8221;Por un lado vengo haciendo una gira que tiene su estructura, pero cuando se da la posibilidad de tocar en ciudades donde nunca te has presentado, uno trata de que la gente no se quede pensando: &#8216;uy, no tocaron las canciones del primer o segundo \u00e1lbum&#8217;; s\u00ed voy a hacer que la espera de tantos a\u00f1os tenga sentido&#8221;.<br \/>\u2028Actualmente, tiene duetos con artistas como Natalia Lafourcade y Franco De Vita<\/p>\n","protected":false},"excerpt":{"rendered":"<p>PROMOCIONA SU NUEVO \u00c1LBUM\u00a0 \u00a0 \u00a0\u00a0 \u00a0\u2022\u00a0\u00a0 \u00a0El pr\u00f3ximo 7 de marzo ser\u00e1 la primera vez que la puertorrique\u00f1a se presente en el puerto de Acapulco\u2028<\/p>\n","protected":false},"author":93,"featured_media":0,"comment_status":"open","ping_status":"open","sticky":false,"template":"","format":"standard","meta":{"footnotes":""},"categories":[38],"tags":[],"class_list":["post-100264","post","type-post","status-publish","format-standard","hentry","category-show"],"_links":{"self":[{"href":"https:\/\/plazajuarez.mx\/historico\/wp-json\/wp\/v2\/posts\/100264","targetHints":{"allow":["GET"]}}],"collection":[{"href":"https:\/\/plazajuarez.mx\/historico\/wp-json\/wp\/v2\/posts"}],"about":[{"href":"https:\/\/plazajuarez.mx\/historico\/wp-json\/wp\/v2\/types\/post"}],"author":[{"embeddable":true,"href":"https:\/\/plazajuarez.mx\/historico\/wp-json\/wp\/v2\/users\/93"}],"replies":[{"embeddable":true,"href":"https:\/\/plazajuarez.mx\/historico\/wp-json\/wp\/v2\/comments?post=100264"}],"version-history":[{"count":0,"href":"https:\/\/plazajuarez.mx\/historico\/wp-json\/wp\/v2\/posts\/100264\/revisions"}],"wp:attachment":[{"href":"https:\/\/plazajuarez.mx\/historico\/wp-json\/wp\/v2\/media?parent=100264"}],"wp:term":[{"taxonomy":"category","embeddable":true,"href":"https:\/\/plazajuarez.mx\/historico\/wp-json\/wp\/v2\/categories?post=100264"},{"taxonomy":"post_tag","embeddable":true,"href":"https:\/\/plazajuarez.mx\/historico\/wp-json\/wp\/v2\/tags?post=100264"}],"curies":[{"name":"wp","href":"https:\/\/api.w.org\/{rel}","templated":true}]}}