{"id":100263,"date":"2020-03-01T15:08:37","date_gmt":"2020-03-01T15:08:37","guid":{"rendered":"http:\/\/plazajuarez.mx\/index\/index.php\/2020\/03\/01\/ana-serradilla-hablara-su-lengua-materna\/"},"modified":"2020-03-01T15:08:37","modified_gmt":"2020-03-01T15:08:37","slug":"ana-serradilla-hablara-su-lengua-materna","status":"publish","type":"post","link":"https:\/\/plazajuarez.mx\/historico\/ana-serradilla-hablara-su-lengua-materna\/","title":{"rendered":"ANA SERRADILLA HABLAR\u00c1 SU LENGUA MATERNA\u2028\u2028"},"content":{"rendered":"<p>\u00a0\u00a0\u00a0 \u2022\u00a0\u00a0 \u00a0As\u00ed que en &#8220;Nebaj&#8221;, filme guatemalteco donde interpreta a una reportera espa\u00f1ola, el tono le sale natural\u2028<\/p>\n<p>  <!--more-->  <\/p>\n<p>La lengua materna de Ana Serradilla no es el espa\u00f1ol mexicano, sino el europeo, por lo que hacer cintas para la madre patria no le significa improvisar el acento.\u2028As\u00ed que en &#8220;Nebaj&#8221;, filme guatemalteco donde interpreta a una reportera espa\u00f1ola, el tono le sale natural.\u2028&#8221;\u00a1Hago trampa!&#8221;, se\u00f1ala bromista la actriz.\u2028&#8221;El acento de Espa\u00f1a lo domino, tengo la doble nacionalidad, mis padres son espa\u00f1oles, yo tuve que aprender a hablar como mexicana, porque mi lengua materna en realidad es el castellano&#8221;, indica la actriz.\u2028&#8221;Nebaj&#8221;, dirigida por Kenneth Muller (&#8220;Septiembre, un llanto en silencio&#8221;), cuenta con la actuaci\u00f3n del argentino Diego Alfonso (&#8220;Cuatro lunas&#8221;), Fernando Cuautle (&#8220;Rosario Tijeras&#8221;), Pedro Javier Silva Lara (&#8220;La llorona&#8221;) y Sa\u00fal Lizaso (&#8220;Se\u00f1orita P\u00f3lvora&#8221;).\u2028Apenas comenzar\u00e1 recorrido por festivales de cine, esperando distribuci\u00f3n a fines de a\u00f1o o el pr\u00f3ximo.\u2028&#8221;La pel\u00edcula trata sobre el delicado tema de la guerrilla, mi personaje es el de la reportera que se mete a ver qu\u00e9 onda, qu\u00e9 est\u00e1 pasando, para difundirlo&#8221;, apunta Serradilla.\u2028La guerrilla guatemalteca fue un fen\u00f3meno que explot\u00f3 en los 80, y tard\u00f3 m\u00e1s m\u00e1s de una d\u00e9cada en terminar, tras dejar cientos de muertos en el camino.<\/p>\n<p>Este a\u00f1o a Ana se le vio en pantalla con la comedia rom\u00e1ntica &#8220;El hubiera s\u00ed existe&#8221;<\/p>\n<p><\/p>\n","protected":false},"excerpt":{"rendered":"<p>\u00a0\u00a0\u00a0 \u2022\u00a0\u00a0 \u00a0As\u00ed que en &#8220;Nebaj&#8221;, filme guatemalteco donde interpreta a una reportera espa\u00f1ola, el tono le sale natural\u2028<\/p>\n","protected":false},"author":93,"featured_media":0,"comment_status":"open","ping_status":"open","sticky":false,"template":"","format":"standard","meta":{"footnotes":""},"categories":[38],"tags":[],"class_list":["post-100263","post","type-post","status-publish","format-standard","hentry","category-show"],"_links":{"self":[{"href":"https:\/\/plazajuarez.mx\/historico\/wp-json\/wp\/v2\/posts\/100263","targetHints":{"allow":["GET"]}}],"collection":[{"href":"https:\/\/plazajuarez.mx\/historico\/wp-json\/wp\/v2\/posts"}],"about":[{"href":"https:\/\/plazajuarez.mx\/historico\/wp-json\/wp\/v2\/types\/post"}],"author":[{"embeddable":true,"href":"https:\/\/plazajuarez.mx\/historico\/wp-json\/wp\/v2\/users\/93"}],"replies":[{"embeddable":true,"href":"https:\/\/plazajuarez.mx\/historico\/wp-json\/wp\/v2\/comments?post=100263"}],"version-history":[{"count":0,"href":"https:\/\/plazajuarez.mx\/historico\/wp-json\/wp\/v2\/posts\/100263\/revisions"}],"wp:attachment":[{"href":"https:\/\/plazajuarez.mx\/historico\/wp-json\/wp\/v2\/media?parent=100263"}],"wp:term":[{"taxonomy":"category","embeddable":true,"href":"https:\/\/plazajuarez.mx\/historico\/wp-json\/wp\/v2\/categories?post=100263"},{"taxonomy":"post_tag","embeddable":true,"href":"https:\/\/plazajuarez.mx\/historico\/wp-json\/wp\/v2\/tags?post=100263"}],"curies":[{"name":"wp","href":"https:\/\/api.w.org\/{rel}","templated":true}]}}