{"id":100260,"date":"2020-03-01T15:08:37","date_gmt":"2020-03-01T15:08:37","guid":{"rendered":"http:\/\/plazajuarez.mx\/index\/index.php\/2020\/03\/01\/austria-controlara-sus-fronteras-si-ue-no-para-la-llegada-de-refugiados\/"},"modified":"2020-03-01T15:08:37","modified_gmt":"2020-03-01T15:08:37","slug":"austria-controlara-sus-fronteras-si-ue-no-para-la-llegada-de-refugiados","status":"publish","type":"post","link":"https:\/\/plazajuarez.mx\/historico\/austria-controlara-sus-fronteras-si-ue-no-para-la-llegada-de-refugiados\/","title":{"rendered":"Austria controlar\u00e1 sus fronteras si UE no para la llegada de refugiados"},"content":{"rendered":"<p>La UE obligada a contener a asilados <\/p>\n<p>\u00a0\u00a0 \u00a0\u2022\u00a0\u00a0 \u00a0Se &#8220;har\u00e1 lo que sea necesario&#8221; para salvaguardar las fronteras griegas y europeas&#8221;, declar\u00f3\u2028<br \/>Al mediod\u00eda del s\u00e1bado hab\u00eda ya unas 7.000 personas esperando con la esperanza de cruzar a Europa<\/p>\n<p>  <!--more-->  <\/p>\n<p>EFE.- Austria introducir\u00e1 controles en sus fronteras si la Uni\u00f3n Europea (UE) no logra impedir la entrada de miles de refugiados que desde el viernes intentan entrar a Grecia desde Turqu\u00eda, advirti\u00f3 ayer el canciller, Sebastian Kurz.<br \/>&#8220;Estamos en continuo contacto con nuestros socios en la UE y a lo largo de la ruta de los Balcanes Occidentales. Si la protecci\u00f3n de las fronteras exteriores de la UE no tiene \u00e9xito, Austria proteger\u00e1 sus fronteras&#8221;, dijo el jefe de Gobierno en un comunicado.<br \/>Kurz alud\u00eda as\u00ed a la tensa situaci\u00f3n que hay ahora en la frontera turco-griega, despu\u00e9s de que Ankara anunciara que, ante la actual escalada de la violencia entre su ej\u00e9rcito y las fuerzas de Damasco en Siria, no iba a impedir el paso de migrantes a Europa, como ha hecho en los \u00faltimos a\u00f1os en cumplimiento de un acuerdo con la UE.<br \/>Desde el viernes miles de refugiados se han trasladado desde diversas partes de Turqu\u00eda hasta las zonas fronterizas con Grecia con el objetivo de llegar hasta territorio comunitario.<\/p>\n","protected":false},"excerpt":{"rendered":"<p>La UE obligada a contener a asilados \u00a0\u00a0 \u00a0\u2022\u00a0\u00a0 \u00a0Se &#8220;har\u00e1 lo que sea necesario&#8221; para salvaguardar las fronteras griegas y europeas&#8221;, declar\u00f3\u2028Al mediod\u00eda del s\u00e1bado hab\u00eda ya unas 7.000 personas esperando con la esperanza de cruzar a Europa<\/p>\n","protected":false},"author":93,"featured_media":0,"comment_status":"open","ping_status":"open","sticky":false,"template":"","format":"standard","meta":{"footnotes":""},"categories":[31],"tags":[],"class_list":["post-100260","post","type-post","status-publish","format-standard","hentry","category-orbe"],"_links":{"self":[{"href":"https:\/\/plazajuarez.mx\/historico\/wp-json\/wp\/v2\/posts\/100260","targetHints":{"allow":["GET"]}}],"collection":[{"href":"https:\/\/plazajuarez.mx\/historico\/wp-json\/wp\/v2\/posts"}],"about":[{"href":"https:\/\/plazajuarez.mx\/historico\/wp-json\/wp\/v2\/types\/post"}],"author":[{"embeddable":true,"href":"https:\/\/plazajuarez.mx\/historico\/wp-json\/wp\/v2\/users\/93"}],"replies":[{"embeddable":true,"href":"https:\/\/plazajuarez.mx\/historico\/wp-json\/wp\/v2\/comments?post=100260"}],"version-history":[{"count":0,"href":"https:\/\/plazajuarez.mx\/historico\/wp-json\/wp\/v2\/posts\/100260\/revisions"}],"wp:attachment":[{"href":"https:\/\/plazajuarez.mx\/historico\/wp-json\/wp\/v2\/media?parent=100260"}],"wp:term":[{"taxonomy":"category","embeddable":true,"href":"https:\/\/plazajuarez.mx\/historico\/wp-json\/wp\/v2\/categories?post=100260"},{"taxonomy":"post_tag","embeddable":true,"href":"https:\/\/plazajuarez.mx\/historico\/wp-json\/wp\/v2\/tags?post=100260"}],"curies":[{"name":"wp","href":"https:\/\/api.w.org\/{rel}","templated":true}]}}