{"id":100237,"date":"2020-03-01T15:08:55","date_gmt":"2020-03-01T15:08:55","guid":{"rendered":"http:\/\/plazajuarez.mx\/index\/index.php\/2020\/03\/01\/permitiran-candidaturas-comunes-en-morena\/"},"modified":"2020-03-01T15:08:55","modified_gmt":"2020-03-01T15:08:55","slug":"permitiran-candidaturas-comunes-en-morena","status":"publish","type":"post","link":"https:\/\/plazajuarez.mx\/historico\/permitiran-candidaturas-comunes-en-morena\/","title":{"rendered":"Permitir\u00e1n candidaturas comunes en Morena"},"content":{"rendered":"<p>\u00a0\u00a0 \u2022\u00a0\u00a0 \u00a0La posibilidad la abri\u00f3 la ratificaci\u00f3n de Ram\u00edrez Cu\u00e9llar como dirigente de Morena, asegura consejero estatal\u2028<br \/>Se buscar\u00e1n los mejores cuadros, de cada partido, para encabezar una candidatura<\/p>\n<p>  <!--more-->  <\/p>\n<p>Tras la ratificaci\u00f3n del Tribunal Electoral del Poder Judicial de la Federaci\u00f3n (TEPJF), a Alfonso Ram\u00edrez Cu\u00e9llar como dirigente nacional de Morena, el consejero estatal y congresista nacional de Tulancingo, Alberto Campillo, se\u00f1al\u00f3 que este cambio abre la posibilidad a las candidaturas comunes.<br \/>El morenista se congratul\u00f3 por la decisi\u00f3n del Tribunal. Sin embargo, subray\u00f3 que dicha designaci\u00f3n no le caus\u00f3 sorpresa, toda vez que esperaban los tiempos para la resoluci\u00f3n.<br \/>\u201cLo comentamos en entrevista anterior, el tema estaba en manos del tribunal y era de esperarse la validaci\u00f3n, pues en su momento, durante la votaci\u00f3n por parte del Congreso Nacional, del que form\u00f3 parte, contaba con qu\u00f3rum legal para definir la presidencia del partido de manera interina\u201d, afirm\u00f3 Beto Campillo.<br \/>Con ello, dijo, se presentar\u00e1n cambios como la descentralizaci\u00f3n de las decisiones, comenzando por reuniones para determinar la agenda pol\u00edtico-electoral durante el actual proceso.<br \/>\u201cLas carteras vac\u00edas y las dirigencias ser\u00e1n ocupadas de manera interina, por cuatro meses como lo establece el tribunal, lapso en que convocar\u00e1n a los aspirantes y se puede dar la figura de candidatura com\u00fan\u201d, adelant\u00f3.\u00a0 <br \/>Reconoci\u00f3 que esta decisi\u00f3n representar\u00e1 cambios previos a la postulaci\u00f3n de aspirantes a candidatos, \u201csi bien no habr\u00e1 coaliciones, pues el tiempo para registrarlas ya pas\u00f3, es probable que existan candidaturas comunes\u201d.<\/p>\n","protected":false},"excerpt":{"rendered":"<p>\u00a0\u00a0 \u2022\u00a0\u00a0 \u00a0La posibilidad la abri\u00f3 la ratificaci\u00f3n de Ram\u00edrez Cu\u00e9llar como dirigente de Morena, asegura consejero estatal\u2028Se buscar\u00e1n los mejores cuadros, de cada partido, para encabezar una candidatura<\/p>\n","protected":false},"author":93,"featured_media":0,"comment_status":"open","ping_status":"open","sticky":false,"template":"","format":"standard","meta":{"footnotes":""},"categories":[40],"tags":[],"class_list":["post-100237","post","type-post","status-publish","format-standard","hentry","category-region"],"_links":{"self":[{"href":"https:\/\/plazajuarez.mx\/historico\/wp-json\/wp\/v2\/posts\/100237","targetHints":{"allow":["GET"]}}],"collection":[{"href":"https:\/\/plazajuarez.mx\/historico\/wp-json\/wp\/v2\/posts"}],"about":[{"href":"https:\/\/plazajuarez.mx\/historico\/wp-json\/wp\/v2\/types\/post"}],"author":[{"embeddable":true,"href":"https:\/\/plazajuarez.mx\/historico\/wp-json\/wp\/v2\/users\/93"}],"replies":[{"embeddable":true,"href":"https:\/\/plazajuarez.mx\/historico\/wp-json\/wp\/v2\/comments?post=100237"}],"version-history":[{"count":0,"href":"https:\/\/plazajuarez.mx\/historico\/wp-json\/wp\/v2\/posts\/100237\/revisions"}],"wp:attachment":[{"href":"https:\/\/plazajuarez.mx\/historico\/wp-json\/wp\/v2\/media?parent=100237"}],"wp:term":[{"taxonomy":"category","embeddable":true,"href":"https:\/\/plazajuarez.mx\/historico\/wp-json\/wp\/v2\/categories?post=100237"},{"taxonomy":"post_tag","embeddable":true,"href":"https:\/\/plazajuarez.mx\/historico\/wp-json\/wp\/v2\/tags?post=100237"}],"curies":[{"name":"wp","href":"https:\/\/api.w.org\/{rel}","templated":true}]}}